{"id":42563,"date":"2020-01-03T14:02:06","date_gmt":"2020-01-03T18:02:06","guid":{"rendered":"http:\/\/www.brazilianpress.com\/v1\/?p=42563"},"modified":"2020-01-03T14:02:06","modified_gmt":"2020-01-03T18:02:06","slug":"confianca-empresarial-sobe-15-ponto-e-atinge-maior-nivel-do-ano","status":"publish","type":"post","link":"https:\/\/www.brazilianpress.com\/v1\/2020\/01\/03\/confianca-empresarial-sobe-15-ponto-e-atinge-maior-nivel-do-ano\/","title":{"rendered":"Confian\u00e7a empresarial sobe 1,5 ponto e atinge maior n\u00edvel do ano"},"content":{"rendered":"<p>O \u00cdndice de Confian\u00e7a Empresarial, medido pela Funda\u00e7\u00e3o Getulio Vargas (FGV), subiu 1,5 ponto em dezembro de 2019, para 97,1 pontos. Este \u00e9 o\u00a0maior n\u00edvel do \u00edndice desde janeiro, fechando o ano com um saldo acumulado positivo em 1,2 ponto, em uma escala de zero a 200 pontos. Os dados foram divulgados\u00a0hoje\u00a0(2).<\/p>\n<p>O levantamento mede a confian\u00e7a dos empres\u00e1rios de quatro setores: ind\u00fastria, servi\u00e7os, com\u00e9rcio e constru\u00e7\u00e3o. Segundo a coordenadora das Sondagens da FGV\/ IBRE, Viviane Seda Bittencourt, o ano de 2019 terminou com um resultado positivo para a confian\u00e7a empresarial. \u201cA percep\u00e7\u00e3o dos empres\u00e1rios sobre a situa\u00e7\u00e3o atual dos neg\u00f3cios avan\u00e7ou para o maior patamar desde 2014, mas ainda abaixo dos n\u00edveis considerados \u201cnormais\u201d.<\/p>\n<p>\u201cJ\u00e1 as expectativas se mantiveram em 100 pontos, com uma acomoda\u00e7\u00e3o do com\u00e9rcio, p\u00f3s libera\u00e7\u00e3o do FGTS, e um forte otimismo da constru\u00e7\u00e3o. Os sinais s\u00e3o favor\u00e1veis para o ano de 2020, mas a continuidade da recupera\u00e7\u00e3o depende da redu\u00e7\u00e3o da incerteza, que ainda se mant\u00e9m em n\u00edvel elevado, para que as empresas voltem a investir\u201d, afirmou.<\/p>\n<p>O \u00edndice que mede a percep\u00e7\u00e3o atual dos empres\u00e1rios subiu 1,7 ponto, para 94,5 pontos, o maior n\u00edvel desde abril de 2014 (96,5 pontos). O \u00cdndice de Expectativas se manteve relativamente est\u00e1vel ao recuar 0,1 ponto, para 100,1 pontos, permanecendo em n\u00edvel considerado neutro (nem pessimista nem otimista).<\/p>\n<p>Em dezembro, houve melhora na confian\u00e7a de todos os setores que comp\u00f5em o \u00cdndice de Confian\u00e7a Empresarial. A confian\u00e7a da ind\u00fastria subiu 3,2 pontos no m\u00eas e fechou o ano crescendo, em m\u00e9dia, 1,5 ponto no quarto trimestre em rela\u00e7\u00e3o ao trimestre anterior. A confian\u00e7a da constru\u00e7\u00e3o, que vem aumentando desde o final do segundo trimestre de 2019 (\u00e0 exce\u00e7\u00e3o\u00a0de setembro), atingiu 92,3 pontos em dezembro, o maior n\u00edvel desde junho de 2014 (92,9 pontos). (ABr)<\/p>\n","protected":false},"excerpt":{"rendered":"<p>O \u00cdndice de Confian\u00e7a Empresarial, medido pela Funda\u00e7\u00e3o Getulio Vargas (FGV), subiu 1,5 ponto em dezembro de 2019, para 97,1 pontos. Este \u00e9 o\u00a0maior n\u00edvel do \u00edndice desde janeiro, fechando o ano com um saldo acumulado positivo em 1,2 ponto, em uma escala de zero a 200 pontos. Os dados foram divulgados\u00a0hoje\u00a0(2). O levantamento mede a confian\u00e7a dos empres\u00e1rios de quatro setores: ind\u00fastria, servi\u00e7os, com\u00e9rcio e constru\u00e7\u00e3o. Segundo a coordenadora das Sondagens da FGV\/ IBRE, Viviane Seda Bittencourt, o ano de 2019 terminou com um resultado positivo para a confian\u00e7a empresarial. \u201cA percep\u00e7\u00e3o dos empres\u00e1rios sobre a situa\u00e7\u00e3o atual dos [&hellip;]<\/p>\n","protected":false},"author":1,"featured_media":42564,"comment_status":"open","ping_status":"open","sticky":false,"template":"","format":"standard","meta":{"_links_to":"","_links_to_target":""},"categories":[7,3,1],"tags":[],"views":1689,"_links":{"self":[{"href":"https:\/\/www.brazilianpress.com\/v1\/wp-json\/wp\/v2\/posts\/42563"}],"collection":[{"href":"https:\/\/www.brazilianpress.com\/v1\/wp-json\/wp\/v2\/posts"}],"about":[{"href":"https:\/\/www.brazilianpress.com\/v1\/wp-json\/wp\/v2\/types\/post"}],"author":[{"embeddable":true,"href":"https:\/\/www.brazilianpress.com\/v1\/wp-json\/wp\/v2\/users\/1"}],"replies":[{"embeddable":true,"href":"https:\/\/www.brazilianpress.com\/v1\/wp-json\/wp\/v2\/comments?post=42563"}],"version-history":[{"count":1,"href":"https:\/\/www.brazilianpress.com\/v1\/wp-json\/wp\/v2\/posts\/42563\/revisions"}],"predecessor-version":[{"id":42565,"href":"https:\/\/www.brazilianpress.com\/v1\/wp-json\/wp\/v2\/posts\/42563\/revisions\/42565"}],"wp:featuredmedia":[{"embeddable":true,"href":"https:\/\/www.brazilianpress.com\/v1\/wp-json\/wp\/v2\/media\/42564"}],"wp:attachment":[{"href":"https:\/\/www.brazilianpress.com\/v1\/wp-json\/wp\/v2\/media?parent=42563"}],"wp:term":[{"taxonomy":"category","embeddable":true,"href":"https:\/\/www.brazilianpress.com\/v1\/wp-json\/wp\/v2\/categories?post=42563"},{"taxonomy":"post_tag","embeddable":true,"href":"https:\/\/www.brazilianpress.com\/v1\/wp-json\/wp\/v2\/tags?post=42563"}],"curies":[{"name":"wp","href":"https:\/\/api.w.org\/{rel}","templated":true}]}}