{"id":42566,"date":"2020-01-03T14:04:07","date_gmt":"2020-01-03T18:04:07","guid":{"rendered":"http:\/\/www.brazilianpress.com\/v1\/?p=42566"},"modified":"2020-01-03T14:04:07","modified_gmt":"2020-01-03T18:04:07","slug":"balanca-comercial-fecha-2019-com-superavit-de-us-46-bilhoes","status":"publish","type":"post","link":"https:\/\/www.brazilianpress.com\/v1\/2020\/01\/03\/balanca-comercial-fecha-2019-com-superavit-de-us-46-bilhoes\/","title":{"rendered":"Balan\u00e7a comercial fecha 2019 com super\u00e1vit de US$ 46 bilh\u00f5es"},"content":{"rendered":"<p>O Brasil registrou em 2019 super\u00e1vit comercial (diferen\u00e7a entre exporta\u00e7\u00f5es e importa\u00e7\u00f5es) de US$ 46 bilh\u00f5es. O resultado \u00e9 20,5% menor do que o apurado no ano passado, de US$ 58 bilh\u00f5es e o representa o menor desempenho desde 2015, quando o saldo foi de U$S 19,5 bilh\u00f5es. Os dados foram divulgados ontem (quarta-feira 2), pela Secretaria de Com\u00e9rcio Exterior do Minist\u00e9rio da Economia.<\/p>\n<p>Quando um pa\u00eds registra super\u00e1vit comercial, significa que exportou mais do importou, em produtos e servi\u00e7os. Entre janeiro e novembro de 2019, as exporta\u00e7\u00f5es somaram US$ 239,26 bilh\u00f5es, uma queda de 7,5%, pela m\u00e9dia di\u00e1ria, em rela\u00e7\u00e3o ao ano anterior (2018). No acumulado do ano passado, as importa\u00e7\u00f5es somaram US$ 177,34 bilh\u00f5es, uma queda de 3,3% sobre as compras internacionais em 2018.<\/p>\n<p>A corrente de com\u00e9rcio (soma de importa\u00e7\u00f5es e exporta\u00e7\u00f5es) alcan\u00e7ou a cifra de US$ 401,34 bilh\u00f5es, um valor 5,7% em rela\u00e7\u00e3o ao ao ano anterior. Os principais fatores para a queda das exporta\u00e7\u00f5es, segundo o secret\u00e1rio de Com\u00e9rcio Exterior, Lucas Ferraz, foi o aprofundamento da crise econ\u00f4mica na Argentina, importante comprador de produtos manufaturados brasileiros, e a crise su\u00edna na China, que reduziu a demanda pela soja brasileira, que \u00e9 um dos principais produtos vendidos pelo pa\u00eds. (ABr)<\/p>\n","protected":false},"excerpt":{"rendered":"<p>O Brasil registrou em 2019 super\u00e1vit comercial (diferen\u00e7a entre exporta\u00e7\u00f5es e importa\u00e7\u00f5es) de US$ 46 bilh\u00f5es. O resultado \u00e9 20,5% menor do que o apurado no ano passado, de US$ 58 bilh\u00f5es e o representa o menor desempenho desde 2015, quando o saldo foi de U$S 19,5 bilh\u00f5es. Os dados foram divulgados ontem (quarta-feira 2), pela Secretaria de Com\u00e9rcio Exterior do Minist\u00e9rio da Economia. Quando um pa\u00eds registra super\u00e1vit comercial, significa que exportou mais do importou, em produtos e servi\u00e7os. Entre janeiro e novembro de 2019, as exporta\u00e7\u00f5es somaram US$ 239,26 bilh\u00f5es, uma queda de 7,5%, pela m\u00e9dia di\u00e1ria, em [&hellip;]<\/p>\n","protected":false},"author":1,"featured_media":42567,"comment_status":"open","ping_status":"open","sticky":false,"template":"","format":"standard","meta":{"_links_to":"","_links_to_target":""},"categories":[7,3,1],"tags":[],"views":1817,"_links":{"self":[{"href":"https:\/\/www.brazilianpress.com\/v1\/wp-json\/wp\/v2\/posts\/42566"}],"collection":[{"href":"https:\/\/www.brazilianpress.com\/v1\/wp-json\/wp\/v2\/posts"}],"about":[{"href":"https:\/\/www.brazilianpress.com\/v1\/wp-json\/wp\/v2\/types\/post"}],"author":[{"embeddable":true,"href":"https:\/\/www.brazilianpress.com\/v1\/wp-json\/wp\/v2\/users\/1"}],"replies":[{"embeddable":true,"href":"https:\/\/www.brazilianpress.com\/v1\/wp-json\/wp\/v2\/comments?post=42566"}],"version-history":[{"count":1,"href":"https:\/\/www.brazilianpress.com\/v1\/wp-json\/wp\/v2\/posts\/42566\/revisions"}],"predecessor-version":[{"id":42568,"href":"https:\/\/www.brazilianpress.com\/v1\/wp-json\/wp\/v2\/posts\/42566\/revisions\/42568"}],"wp:featuredmedia":[{"embeddable":true,"href":"https:\/\/www.brazilianpress.com\/v1\/wp-json\/wp\/v2\/media\/42567"}],"wp:attachment":[{"href":"https:\/\/www.brazilianpress.com\/v1\/wp-json\/wp\/v2\/media?parent=42566"}],"wp:term":[{"taxonomy":"category","embeddable":true,"href":"https:\/\/www.brazilianpress.com\/v1\/wp-json\/wp\/v2\/categories?post=42566"},{"taxonomy":"post_tag","embeddable":true,"href":"https:\/\/www.brazilianpress.com\/v1\/wp-json\/wp\/v2\/tags?post=42566"}],"curies":[{"name":"wp","href":"https:\/\/api.w.org\/{rel}","templated":true}]}}