{"id":42572,"date":"2020-01-03T18:58:06","date_gmt":"2020-01-03T22:58:06","guid":{"rendered":"http:\/\/www.brazilianpress.com\/v1\/?p=42572"},"modified":"2020-01-03T18:58:06","modified_gmt":"2020-01-03T22:58:06","slug":"corinthians-tem-dez-jogadores-com-passagem-pelo-profissional-que-ficam-sem-contrato","status":"publish","type":"post","link":"https:\/\/www.brazilianpress.com\/v1\/2020\/01\/03\/corinthians-tem-dez-jogadores-com-passagem-pelo-profissional-que-ficam-sem-contrato\/","title":{"rendered":"Corinthians tem dez jogadores com passagem pelo profissional que ficam sem contrato"},"content":{"rendered":"<p>O\u00a0Corinthians\u00a0tem dez jogadores com passagem pelo profissional em fim de contrato neste dia 31 de dezembro.<\/p>\n<p>Dois deles estiveram com o elenco nesta temporada, atuando por empr\u00e9stimo, e voltam aos seus clubes de origem: o zagueiro\u00a0Manoel, devolvido ao Cruzeiro, e o meia\u00a0R\u00e9gis, que volta ao Bahia. Tr\u00eas nomes chegaram ao Tim\u00e3o com badala\u00e7\u00e3o em 2016, n\u00e3o renderam e estavam cedidos a outros clubes: o meia\u00a0Guilherme\u00a0(Fluminense) e os meias\u00a0Marlone\u00a0e\u00a0Giovanni Augusto\u00a0(Goi\u00e1s).<\/p>\n<p>O volante\u00a0Paulo Roberto\u00a0defendeu o Fortaleza neste ano e tamb\u00e9m n\u00e3o ter\u00e1 renova\u00e7\u00e3o de contrato.\u00a0Fellipe Bastos, por sua vez, chegou em 2017 e jogou nesta temporada no Vasco. Por fim, tr\u00eas crias da base tamb\u00e9m ter\u00e3o v\u00ednculos encerrados: o lateral-direito\u00a0L\u00e9o Pr\u00edncipe, que estava no Paran\u00e1 Clube; o atacante\u00a0Gabriel Vasconcelos, que jogou no Oeste de Barueri, e o meia\u00a0Rodrigo Figueiredo, que neste ano esteve no elenco da equipe sub-23. Segundo a diretoria, a previs\u00e3o \u00e9 de economia mensal de cerca de R$ 4 milh\u00f5es com o fim dos contratos.<\/p>\n","protected":false},"excerpt":{"rendered":"<p>O\u00a0Corinthians\u00a0tem dez jogadores com passagem pelo profissional em fim de contrato neste dia 31 de dezembro. Dois deles estiveram com o elenco nesta temporada, atuando por empr\u00e9stimo, e voltam aos seus clubes de origem: o zagueiro\u00a0Manoel, devolvido ao Cruzeiro, e o meia\u00a0R\u00e9gis, que volta ao Bahia. Tr\u00eas nomes chegaram ao Tim\u00e3o com badala\u00e7\u00e3o em 2016, n\u00e3o renderam e estavam cedidos a outros clubes: o meia\u00a0Guilherme\u00a0(Fluminense) e os meias\u00a0Marlone\u00a0e\u00a0Giovanni Augusto\u00a0(Goi\u00e1s). O volante\u00a0Paulo Roberto\u00a0defendeu o Fortaleza neste ano e tamb\u00e9m n\u00e3o ter\u00e1 renova\u00e7\u00e3o de contrato.\u00a0Fellipe Bastos, por sua vez, chegou em 2017 e jogou nesta temporada no Vasco. Por fim, tr\u00eas crias [&hellip;]<\/p>\n","protected":false},"author":1,"featured_media":42573,"comment_status":"open","ping_status":"open","sticky":false,"template":"","format":"standard","meta":{"_links_to":"","_links_to_target":""},"categories":[9,1],"tags":[],"views":1379,"_links":{"self":[{"href":"https:\/\/www.brazilianpress.com\/v1\/wp-json\/wp\/v2\/posts\/42572"}],"collection":[{"href":"https:\/\/www.brazilianpress.com\/v1\/wp-json\/wp\/v2\/posts"}],"about":[{"href":"https:\/\/www.brazilianpress.com\/v1\/wp-json\/wp\/v2\/types\/post"}],"author":[{"embeddable":true,"href":"https:\/\/www.brazilianpress.com\/v1\/wp-json\/wp\/v2\/users\/1"}],"replies":[{"embeddable":true,"href":"https:\/\/www.brazilianpress.com\/v1\/wp-json\/wp\/v2\/comments?post=42572"}],"version-history":[{"count":1,"href":"https:\/\/www.brazilianpress.com\/v1\/wp-json\/wp\/v2\/posts\/42572\/revisions"}],"predecessor-version":[{"id":42574,"href":"https:\/\/www.brazilianpress.com\/v1\/wp-json\/wp\/v2\/posts\/42572\/revisions\/42574"}],"wp:featuredmedia":[{"embeddable":true,"href":"https:\/\/www.brazilianpress.com\/v1\/wp-json\/wp\/v2\/media\/42573"}],"wp:attachment":[{"href":"https:\/\/www.brazilianpress.com\/v1\/wp-json\/wp\/v2\/media?parent=42572"}],"wp:term":[{"taxonomy":"category","embeddable":true,"href":"https:\/\/www.brazilianpress.com\/v1\/wp-json\/wp\/v2\/categories?post=42572"},{"taxonomy":"post_tag","embeddable":true,"href":"https:\/\/www.brazilianpress.com\/v1\/wp-json\/wp\/v2\/tags?post=42572"}],"curies":[{"name":"wp","href":"https:\/\/api.w.org\/{rel}","templated":true}]}}