{"id":42575,"date":"2020-01-03T19:00:00","date_gmt":"2020-01-03T23:00:00","guid":{"rendered":"http:\/\/www.brazilianpress.com\/v1\/?p=42575"},"modified":"2020-01-03T19:02:40","modified_gmt":"2020-01-03T23:02:40","slug":"desafio-do-atletico-mg-na-temporada-2020-e-renovar-elenco-e-dar-tempo-ao-novo-treinador","status":"publish","type":"post","link":"https:\/\/www.brazilianpress.com\/v1\/2020\/01\/03\/desafio-do-atletico-mg-na-temporada-2020-e-renovar-elenco-e-dar-tempo-ao-novo-treinador\/","title":{"rendered":"Desafio do Atl\u00e9tico-MG na temporada 2020 \u00e9 renovar elenco e dar tempo ao novo treinador"},"content":{"rendered":"<p>Em outubro passado, S\u00e9rgio Sette C\u00e2mara sinalizou com a\u00a0proposta de rejuvenescer o elenco do Atl\u00e9tico-MG para a temporada 2020. O presidente do clube j\u00e1 tra\u00e7ava com o diretor de futebol Rui Costa os caminhos a serem seguidos na pr\u00f3xima temporada. Os primeiros sinais foram dados. Alguns dos mais experientes do grupo j\u00e1 tiveram a sa\u00edda confirmada.<\/p>\n<p>Dupla com hist\u00f3ria vitoriosa no Galo, Leonardo Silva (40 anos) e Luan (29) encerraram o ciclo alvinegro.\u00a0O zagueiro foi informado que n\u00e3o teria o contrato renovado. A ele foi oferecido um cargo nas categorias de base. Ainda n\u00e3o respondeu se aceita.\u00a0O meia-atacante foi negociado com o V-Varen Nagasaki, do Jap\u00e3o.<\/p>\n<p>O volante Elias (de 34 anos), depois de tr\u00eas temporadas no Galo,\u00a0tamb\u00e9m n\u00e3o teve o v\u00ednculo renovado, mesmo caminho seguido pelo atacante Geuv\u00e2nio (27) e goleiro Wilson (35). O \u00faltimo foi contratado emergencialmente, em setembro, em meio \u00e0s convoca\u00e7\u00f5es de Cleiton para a sele\u00e7\u00e3o ol\u00edmpica e \u00e0 les\u00e3o sofrida por Victor.\u00a0Outra sa\u00edda definida foi a do jovem atacante Alerrandro, vendido ao Bragantino.<\/p>\n<p>Mais libera\u00e7\u00f5es devem acontecer no Atl\u00e9tico. O atacante Ricardo Oliveira (39 anos), que viveu fase ruim em 2019 e foi para reserva,\u00a0pode deixar o clube. O tamb\u00e9m atacante Char\u00e1 (28)\u00a0\u00e9 alvo do futebol dos Estados Unidos.<\/p>\n<p>O meia Vin\u00edcius (28) \u00e9 outro que pode sair. J\u00e1 o meia Nathan (23) teve o contrato de empr\u00e9stimo encerrado.\u00a0O clube ainda tenta uma renova\u00e7\u00e3o. O atacante Maicon Bolt (28), o meia Terans (25) e o lateral-esquerdo Lucas Hern\u00e1ndez (27) tamb\u00e9m podem deixar o Atl\u00e9tico nesta virada de temporada.<\/p>\n<p>A miss\u00e3o agora \u00e9 a reposi\u00e7\u00e3o das pe\u00e7as. At\u00e9 agora, o Atl\u00e9tico anunciou apenas\u00a0o lateral-direito Ma\u00edlton (de 21 anos), que estava no Oper\u00e1rio-PR, e tem acerto com\u00a0o meia-atacante colombiano Dylan Borrero (17), do Independiente Santa Fe.<\/p>\n<p>Trabalho para o novo treinador<br \/>\nEssa renova\u00e7\u00e3o do elenco ter\u00e1 a condu\u00e7\u00e3o em campo de um novo treinador, que precisar\u00e1 de tempo para essa remontagem e para impor seu estilo ao elenco.<\/p>\n<p>O Atl\u00e9tico n\u00e3o confirmou ainda o nome do novo comandante da equipe. O venezuelano Rafael Dudamel, que estava \u00e0 frente da sele\u00e7\u00e3o do pa\u00eds dele,\u00a0deve ser oficializado nos pr\u00f3ximos dias. O contrato deve ser de dois anos.<\/p>\n<p>Dudamel comandou o sub-17 antes de assumir a equipe principal da Venezuela e \u00e9, inclusive, o comandante do time sub-20 e ol\u00edmpico. No Mundial de juniores de 2017, o t\u00e9cnico conseguiu um vice-campeonato, resultado hist\u00f3rico para o futebol venezuelano. Sem citar nome, o presidente do Atl\u00e9tico, S\u00e9rgio Sette C\u00e2mara, comentou sobre o perfil do novo t\u00e9cnico:<\/p>\n<p>&#8211; O que existe \u00e9 uma prefer\u00eancia em um treinador moderno, filosofia de trabalhar com jovens. Sistemas t\u00e1ticos que sejam similares \u00e0quilo que vimos acontecer no Flamengo, onde todos os jogadores ocupam todas as \u00e1reas do campo. Isso passa por prepara\u00e7\u00e3o f\u00edsica, mas por obedi\u00eancia t\u00e1tica &#8211; afirmou Sette C\u00e2mara, em entrevista \u00e0 TV Record.<\/p>\n","protected":false},"excerpt":{"rendered":"<p>Em outubro passado, S\u00e9rgio Sette C\u00e2mara sinalizou com a\u00a0proposta de rejuvenescer o elenco do Atl\u00e9tico-MG para a temporada 2020. O presidente do clube j\u00e1 tra\u00e7ava com o diretor de futebol Rui Costa os caminhos a serem seguidos na pr\u00f3xima temporada. Os primeiros sinais foram dados. Alguns dos mais experientes do grupo j\u00e1 tiveram a sa\u00edda confirmada. Dupla com hist\u00f3ria vitoriosa no Galo, Leonardo Silva (40 anos) e Luan (29) encerraram o ciclo alvinegro.\u00a0O zagueiro foi informado que n\u00e3o teria o contrato renovado. A ele foi oferecido um cargo nas categorias de base. Ainda n\u00e3o respondeu se aceita.\u00a0O meia-atacante foi negociado [&hellip;]<\/p>\n","protected":false},"author":1,"featured_media":42580,"comment_status":"open","ping_status":"open","sticky":false,"template":"","format":"standard","meta":{"_links_to":"","_links_to_target":""},"categories":[9,1],"tags":[],"views":1509,"_links":{"self":[{"href":"https:\/\/www.brazilianpress.com\/v1\/wp-json\/wp\/v2\/posts\/42575"}],"collection":[{"href":"https:\/\/www.brazilianpress.com\/v1\/wp-json\/wp\/v2\/posts"}],"about":[{"href":"https:\/\/www.brazilianpress.com\/v1\/wp-json\/wp\/v2\/types\/post"}],"author":[{"embeddable":true,"href":"https:\/\/www.brazilianpress.com\/v1\/wp-json\/wp\/v2\/users\/1"}],"replies":[{"embeddable":true,"href":"https:\/\/www.brazilianpress.com\/v1\/wp-json\/wp\/v2\/comments?post=42575"}],"version-history":[{"count":2,"href":"https:\/\/www.brazilianpress.com\/v1\/wp-json\/wp\/v2\/posts\/42575\/revisions"}],"predecessor-version":[{"id":42581,"href":"https:\/\/www.brazilianpress.com\/v1\/wp-json\/wp\/v2\/posts\/42575\/revisions\/42581"}],"wp:featuredmedia":[{"embeddable":true,"href":"https:\/\/www.brazilianpress.com\/v1\/wp-json\/wp\/v2\/media\/42580"}],"wp:attachment":[{"href":"https:\/\/www.brazilianpress.com\/v1\/wp-json\/wp\/v2\/media?parent=42575"}],"wp:term":[{"taxonomy":"category","embeddable":true,"href":"https:\/\/www.brazilianpress.com\/v1\/wp-json\/wp\/v2\/categories?post=42575"},{"taxonomy":"post_tag","embeddable":true,"href":"https:\/\/www.brazilianpress.com\/v1\/wp-json\/wp\/v2\/tags?post=42575"}],"curies":[{"name":"wp","href":"https:\/\/api.w.org\/{rel}","templated":true}]}}