{"id":42577,"date":"2020-01-03T19:01:45","date_gmt":"2020-01-03T23:01:45","guid":{"rendered":"http:\/\/www.brazilianpress.com\/v1\/?p=42577"},"modified":"2020-01-03T19:01:45","modified_gmt":"2020-01-03T23:01:45","slug":"gabigol-e-eleito-o-rei-da-america-flamengo-coloca-trio-no-podio","status":"publish","type":"post","link":"https:\/\/www.brazilianpress.com\/v1\/2020\/01\/03\/gabigol-e-eleito-o-rei-da-america-flamengo-coloca-trio-no-podio\/","title":{"rendered":"Gabigol \u00e9 eleito o Rei da Am\u00e9rica; Flamengo coloca trio no p\u00f3dio"},"content":{"rendered":"<p>Protagonista do Flamengo na temporada e decisivo na final da Libertadores, Gabigol foi eleito o &#8220;Rei da Am\u00e9rica&#8221; em 2019. O atacante faturou o tradicional pr\u00eamio do di\u00e1rio &#8220;El Pa\u00eds&#8221;, seguido pelos companheiros de clube Bruno Henrique e De Arrascaeta.<\/p>\n<p>O camisa 9 rubro-negro teve 168 votos (45%) dos 372 jornalistas que participaram da elei\u00e7\u00e3o. O ano foi de grandes n\u00fameros: artilheiro do Brasileir\u00e3o, com 25 gols, e da Libertadores, com nove.<\/p>\n<p>Bruno Henrique, que terminou com 22% dos votos, foi escolhido como destaque em vota\u00e7\u00e3o popular. Al\u00e9m do trio, outros cinco jogadores que atuam no futebol brasileiro foram lembrados: \u00c9verton (Gr\u00eamio), Daniel Alves (S\u00e3o Paulo), Soteldo (Santos), Filipe Lu\u00eds (Flamengo) e Guerrero (Internacional). Novo refor\u00e7o do Vasco, Germ\u00e1n Cano, que defendeu o Independiente de Medell\u00edn em 2019, tamb\u00e9m apareceu entre os votados.<\/p>\n<p>VEJA A LISTA COMPLETA:<\/p>\n<p>1.\u00a0\u00a0\u00a0\u00a0\u00a0 Gabriel Barbosa \/ (FLAMENGO\/Brasil) \/ 168 votos (45%)<\/p>\n<p>2.\u00a0\u00a0\u00a0\u00a0\u00a0 Bruno Henrique \/ (FLAMENGO\/Brasil) \/ 83 (22%)<\/p>\n<p>3.\u00a0\u00a0\u00a0\u00a0\u00a0 G. De Arrascaeta \/ (FLAMENGO\/Uruguai) \/ 40 (11%)<\/p>\n<p>4.\u00a0\u00a0\u00a0\u00a0\u00a0 Ignacio Fern\u00e1ndez \/ Argentina \/ 25 (8%)<\/p>\n<p>5.\u00a0\u00a0\u00a0\u00a0\u00a0 Enzo P\u00e9rez \/ Argentina \/ 21 (5%)<\/p>\n<p>6.\u00a0\u00a0\u00a0\u00a0\u00a0 \u00c9verton \/ (GR\u00caMIO\/Brasil) \/ 9 (2%)<\/p>\n<p>7.\u00a0\u00a0\u00a0\u00a0\u00a0 Roque Santa Cruz \/ Paraguai \/ 5 (1%)<\/p>\n<p>8.\u00a0\u00a0\u00a0\u00a0\u00a0 Nicol\u00e1s De La Cruz \/ Uruguai \/ 4 (1%)<\/p>\n<p>9.\u00a0\u00a0\u00a0\u00a0\u00a0 Borr\u00e9 \/ Col\u00f4mbia \/ 3 (1%)<\/p>\n<p>10.\u00a0 Dani Alves \/ (S\u00c3O PAULO\/Brasil) \/ 2 (0.5%)<br \/>\nSoteldo \/ (SANTOS\/Venezuela) \/ 2 (0.5%)<\/p>\n<p>11.\u00a0 Filipe Luis \/ (FLAMENGO\/Brasil) \/ 1 (0.3%)<br \/>\nFranco Armani \/ Argentina \/ 1 (0.3%)<br \/>\nCarlos Vela \/ M\u00e9xico \/ 1 (0.3%)<br \/>\nPaolo Guerrero \/ (INTERNACIONAL\/Peru) \/ 1 (0.3%)<br \/>\nJorge Pinos \/ Equador \/ 1 (0.3%)<br \/>\nGerm\u00e1n Cano \/ (VASCO\/Argentina) \/ 1 (0.3%)<br \/>\nRodolfo Pizarro \/ Argentina \/ 1 (0.3%)<br \/>\nJuan F. Quintero \/ Col\u00f4mbia \/ 1 (0.3%)<\/p>\n<p>&nbsp;<\/p>\n","protected":false},"excerpt":{"rendered":"<p>Protagonista do Flamengo na temporada e decisivo na final da Libertadores, Gabigol foi eleito o &#8220;Rei da Am\u00e9rica&#8221; em 2019. O atacante faturou o tradicional pr\u00eamio do di\u00e1rio &#8220;El Pa\u00eds&#8221;, seguido pelos companheiros de clube Bruno Henrique e De Arrascaeta. O camisa 9 rubro-negro teve 168 votos (45%) dos 372 jornalistas que participaram da elei\u00e7\u00e3o. O ano foi de grandes n\u00fameros: artilheiro do Brasileir\u00e3o, com 25 gols, e da Libertadores, com nove. Bruno Henrique, que terminou com 22% dos votos, foi escolhido como destaque em vota\u00e7\u00e3o popular. Al\u00e9m do trio, outros cinco jogadores que atuam no futebol brasileiro foram lembrados: [&hellip;]<\/p>\n","protected":false},"author":1,"featured_media":42578,"comment_status":"open","ping_status":"open","sticky":false,"template":"","format":"standard","meta":{"_links_to":"","_links_to_target":""},"categories":[9,1],"tags":[],"views":1326,"_links":{"self":[{"href":"https:\/\/www.brazilianpress.com\/v1\/wp-json\/wp\/v2\/posts\/42577"}],"collection":[{"href":"https:\/\/www.brazilianpress.com\/v1\/wp-json\/wp\/v2\/posts"}],"about":[{"href":"https:\/\/www.brazilianpress.com\/v1\/wp-json\/wp\/v2\/types\/post"}],"author":[{"embeddable":true,"href":"https:\/\/www.brazilianpress.com\/v1\/wp-json\/wp\/v2\/users\/1"}],"replies":[{"embeddable":true,"href":"https:\/\/www.brazilianpress.com\/v1\/wp-json\/wp\/v2\/comments?post=42577"}],"version-history":[{"count":1,"href":"https:\/\/www.brazilianpress.com\/v1\/wp-json\/wp\/v2\/posts\/42577\/revisions"}],"predecessor-version":[{"id":42579,"href":"https:\/\/www.brazilianpress.com\/v1\/wp-json\/wp\/v2\/posts\/42577\/revisions\/42579"}],"wp:featuredmedia":[{"embeddable":true,"href":"https:\/\/www.brazilianpress.com\/v1\/wp-json\/wp\/v2\/media\/42578"}],"wp:attachment":[{"href":"https:\/\/www.brazilianpress.com\/v1\/wp-json\/wp\/v2\/media?parent=42577"}],"wp:term":[{"taxonomy":"category","embeddable":true,"href":"https:\/\/www.brazilianpress.com\/v1\/wp-json\/wp\/v2\/categories?post=42577"},{"taxonomy":"post_tag","embeddable":true,"href":"https:\/\/www.brazilianpress.com\/v1\/wp-json\/wp\/v2\/tags?post=42577"}],"curies":[{"name":"wp","href":"https:\/\/api.w.org\/{rel}","templated":true}]}}