{"id":42587,"date":"2020-01-03T19:09:54","date_gmt":"2020-01-03T23:09:54","guid":{"rendered":"http:\/\/www.brazilianpress.com\/v1\/?p=42587"},"modified":"2020-01-03T19:10:14","modified_gmt":"2020-01-03T23:10:14","slug":"brasil-multa-facebook-em-66-milhoes-de-reais-em-caso-da-cambridge-analytica","status":"publish","type":"post","link":"https:\/\/www.brazilianpress.com\/v1\/2020\/01\/03\/brasil-multa-facebook-em-66-milhoes-de-reais-em-caso-da-cambridge-analytica\/","title":{"rendered":"Brasil multa Facebook em 6,6 milh\u00f5es de reais em caso da Cambridge Analytica"},"content":{"rendered":"<p>O Governo brasileiro anunciou segunda-feira que multou em 6,6 milh\u00f5es de reais a rede social Facebook pelo \u201ccompartilhamento inadequado de dados de utilizadores\u201d no esc\u00e2ndalo da Cambridge Analytica.<\/p>\n<p>O Departamento de Prote\u00e7\u00e3o e Defesa do Consumidor (DPDC), ligado ao Minist\u00e9rio da Justi\u00e7a, considera que o Facebook foi culpado de \u201cpr\u00e1tica abusiva\u201d, ao permitir que a empresa de consultoria de marketing pol\u00edtico Cambridge Analytica tivesse acesso aos dados pessoais de 443 mil internautas brasileiros que fizeram \u2018download\u2019 de uma aplica\u00e7\u00e3o de testes psicol\u00f3gicos. Em 2018, a Cambridge Analytica viu-se no centro de um esc\u00e2ndalo que prejudicou seriamente a reputa\u00e7\u00e3o do Facebook.<\/p>\n<p>A rede social estimou que os dados pessoais de 87 milh\u00f5es de pessoas em todo o mundo foram recolhidos e usados sem o consentimento pela Cambridge Analytica, mesmo com a empresa a negar qualquer uso indevido. O Facebook reagiu ao an\u00fancio da multa imposta pelo Brasil, afirmando que \u201cn\u00e3o h\u00e1 evid\u00eancias de que os dados dos utilizadores brasileiros tenham sido transferidos para a Cambridge Analytica\u201d.<\/p>\n<p>\u201cFizemos altera\u00e7\u00f5es na nossa plataforma para restringir as informa\u00e7\u00f5es dispon\u00edveis para as empresas que desenvolvem as aplica\u00e7\u00f5es\u201d, acrescentou o Facebook, que tem 10 dias para recorrer e um m\u00eas para pagar a multa. Em junho, a rede social foi multada em cinco mil milh\u00f5es de d\u00f3lares pelos Estados Unidos, por n\u00e3o proteger os dados pessoais de seus utilizadores. Outros pa\u00edses, como Reino Unido, Espanha e It\u00e1lia, tamb\u00e9m determinaram o pagamento de multas por parte do Facebook, pelo esc\u00e2ndalo da Cambridge Analytica. Em setembro, o Facebook anunciou que tinha suspendido dezenas de milhares de aplica\u00e7\u00f5es que representavam um risco potencial \u00e0 privacidade dos seus utilizadores.<\/p>\n<p>&nbsp;<\/p>\n","protected":false},"excerpt":{"rendered":"<p>O Governo brasileiro anunciou segunda-feira que multou em 6,6 milh\u00f5es de reais a rede social Facebook pelo \u201ccompartilhamento inadequado de dados de utilizadores\u201d no esc\u00e2ndalo da Cambridge Analytica. O Departamento de Prote\u00e7\u00e3o e Defesa do Consumidor (DPDC), ligado ao Minist\u00e9rio da Justi\u00e7a, considera que o Facebook foi culpado de \u201cpr\u00e1tica abusiva\u201d, ao permitir que a empresa de consultoria de marketing pol\u00edtico Cambridge Analytica tivesse acesso aos dados pessoais de 443 mil internautas brasileiros que fizeram \u2018download\u2019 de uma aplica\u00e7\u00e3o de testes psicol\u00f3gicos. Em 2018, a Cambridge Analytica viu-se no centro de um esc\u00e2ndalo que prejudicou seriamente a reputa\u00e7\u00e3o do Facebook. [&hellip;]<\/p>\n","protected":false},"author":1,"featured_media":33599,"comment_status":"open","ping_status":"open","sticky":false,"template":"","format":"standard","meta":{"_links_to":"","_links_to_target":""},"categories":[1,10],"tags":[],"views":1744,"_links":{"self":[{"href":"https:\/\/www.brazilianpress.com\/v1\/wp-json\/wp\/v2\/posts\/42587"}],"collection":[{"href":"https:\/\/www.brazilianpress.com\/v1\/wp-json\/wp\/v2\/posts"}],"about":[{"href":"https:\/\/www.brazilianpress.com\/v1\/wp-json\/wp\/v2\/types\/post"}],"author":[{"embeddable":true,"href":"https:\/\/www.brazilianpress.com\/v1\/wp-json\/wp\/v2\/users\/1"}],"replies":[{"embeddable":true,"href":"https:\/\/www.brazilianpress.com\/v1\/wp-json\/wp\/v2\/comments?post=42587"}],"version-history":[{"count":1,"href":"https:\/\/www.brazilianpress.com\/v1\/wp-json\/wp\/v2\/posts\/42587\/revisions"}],"predecessor-version":[{"id":42588,"href":"https:\/\/www.brazilianpress.com\/v1\/wp-json\/wp\/v2\/posts\/42587\/revisions\/42588"}],"wp:featuredmedia":[{"embeddable":true,"href":"https:\/\/www.brazilianpress.com\/v1\/wp-json\/wp\/v2\/media\/33599"}],"wp:attachment":[{"href":"https:\/\/www.brazilianpress.com\/v1\/wp-json\/wp\/v2\/media?parent=42587"}],"wp:term":[{"taxonomy":"category","embeddable":true,"href":"https:\/\/www.brazilianpress.com\/v1\/wp-json\/wp\/v2\/categories?post=42587"},{"taxonomy":"post_tag","embeddable":true,"href":"https:\/\/www.brazilianpress.com\/v1\/wp-json\/wp\/v2\/tags?post=42587"}],"curies":[{"name":"wp","href":"https:\/\/api.w.org\/{rel}","templated":true}]}}