{"id":42592,"date":"2020-01-03T19:21:06","date_gmt":"2020-01-03T23:21:06","guid":{"rendered":"http:\/\/www.brazilianpress.com\/v1\/?p=42592"},"modified":"2020-01-03T19:21:06","modified_gmt":"2020-01-03T23:21:06","slug":"new-york-vai-avancar-com-medidas-contra-os-crimes-de-odio","status":"publish","type":"post","link":"https:\/\/www.brazilianpress.com\/v1\/2020\/01\/03\/new-york-vai-avancar-com-medidas-contra-os-crimes-de-odio\/","title":{"rendered":"New York vai avan\u00e7ar com medidas contra os crimes de \u00f3dio"},"content":{"rendered":"<p>A cidade de New York anunciou na segunda-feira um conjunto de medidas de seguran\u00e7a, educativas e comunit\u00e1rias para prevenir e combater os crimes de \u00f3dio, depois de um ataque contra a comunidade judaica em que cinco pessoas foram esfaqueadas.<\/p>\n<p>O prefeito da cidade de New York, Bill de Blasio, garante que vai tomar todas as \u201cmedidas necess\u00e1rias\u201d para acabar com o problema. Segundo as autoridades, desde o dia 08 de dezembro ocorreram 13 ataques antissemitas em New York, oito dos quais em Brooklin, onde reside uma vasta comunidade judaica. De Blasio ordenou a cria\u00e7\u00e3o de grupos de bairro que ser\u00e3o compostos por pessoas de diferentes origens, com o objetivo de incentivar a forma\u00e7\u00e3o de pessoas com habilidades de lideran\u00e7a nessas \u00e1reas para que possam \u201cdeter a viol\u00eancia antes que<\/p>\n<p>No Brooklyn, a partir de janeiro, ser\u00e1 inclu\u00eddo no curr\u00edculo escolar, material \u201ccom o objetivo de acabar com o \u00f3dio e construir o respeito m\u00fatuo\u201d. \u201cPrecisamos de chegar de uma maneira mais eficaz aos jovens. Os jovens que, de alguma forma, parecem considerar que o preconceito \u00e9 aceito. N\u00e3o vamos deixar isto acontecer em New York\u201d, disse o prefeito. As medidas tamb\u00e9m incluem uma presen\u00e7a policial adicional, bem como ilumina\u00e7\u00e3o em \u201c\u00e1reas e comunidades chave\u201d. Al\u00e9m disso, a pol\u00edcia vai aumentar o n\u00famero de c\u00e2maras de seguran\u00e7a em \u00e1reas com uma maior presen\u00e7a de membros da comunidade judaica.<\/p>\n","protected":false},"excerpt":{"rendered":"<p>A cidade de New York anunciou na segunda-feira um conjunto de medidas de seguran\u00e7a, educativas e comunit\u00e1rias para prevenir e combater os crimes de \u00f3dio, depois de um ataque contra a comunidade judaica em que cinco pessoas foram esfaqueadas. O prefeito da cidade de New York, Bill de Blasio, garante que vai tomar todas as \u201cmedidas necess\u00e1rias\u201d para acabar com o problema. Segundo as autoridades, desde o dia 08 de dezembro ocorreram 13 ataques antissemitas em New York, oito dos quais em Brooklin, onde reside uma vasta comunidade judaica. De Blasio ordenou a cria\u00e7\u00e3o de grupos de bairro que ser\u00e3o [&hellip;]<\/p>\n","protected":false},"author":1,"featured_media":42593,"comment_status":"open","ping_status":"open","sticky":false,"template":"","format":"standard","meta":{"_links_to":"","_links_to_target":""},"categories":[4,1],"tags":[],"views":1527,"_links":{"self":[{"href":"https:\/\/www.brazilianpress.com\/v1\/wp-json\/wp\/v2\/posts\/42592"}],"collection":[{"href":"https:\/\/www.brazilianpress.com\/v1\/wp-json\/wp\/v2\/posts"}],"about":[{"href":"https:\/\/www.brazilianpress.com\/v1\/wp-json\/wp\/v2\/types\/post"}],"author":[{"embeddable":true,"href":"https:\/\/www.brazilianpress.com\/v1\/wp-json\/wp\/v2\/users\/1"}],"replies":[{"embeddable":true,"href":"https:\/\/www.brazilianpress.com\/v1\/wp-json\/wp\/v2\/comments?post=42592"}],"version-history":[{"count":1,"href":"https:\/\/www.brazilianpress.com\/v1\/wp-json\/wp\/v2\/posts\/42592\/revisions"}],"predecessor-version":[{"id":42594,"href":"https:\/\/www.brazilianpress.com\/v1\/wp-json\/wp\/v2\/posts\/42592\/revisions\/42594"}],"wp:featuredmedia":[{"embeddable":true,"href":"https:\/\/www.brazilianpress.com\/v1\/wp-json\/wp\/v2\/media\/42593"}],"wp:attachment":[{"href":"https:\/\/www.brazilianpress.com\/v1\/wp-json\/wp\/v2\/media?parent=42592"}],"wp:term":[{"taxonomy":"category","embeddable":true,"href":"https:\/\/www.brazilianpress.com\/v1\/wp-json\/wp\/v2\/categories?post=42592"},{"taxonomy":"post_tag","embeddable":true,"href":"https:\/\/www.brazilianpress.com\/v1\/wp-json\/wp\/v2\/tags?post=42592"}],"curies":[{"name":"wp","href":"https:\/\/api.w.org\/{rel}","templated":true}]}}