{"id":42595,"date":"2020-01-03T19:22:34","date_gmt":"2020-01-03T23:22:34","guid":{"rendered":"http:\/\/www.brazilianpress.com\/v1\/?p=42595"},"modified":"2020-01-03T19:22:34","modified_gmt":"2020-01-03T23:22:34","slug":"esfaqueador-deixa-5-feridos-em-casa-de-rabino-em-new-york","status":"publish","type":"post","link":"https:\/\/www.brazilianpress.com\/v1\/2020\/01\/03\/esfaqueador-deixa-5-feridos-em-casa-de-rabino-em-new-york\/","title":{"rendered":"Esfaqueador deixa 5 feridos em casa de rabino em New York"},"content":{"rendered":"<p>Pelo menos cinco pessoas ficaram feridas, duas em estado grave, ap\u00f3s serem esfaqueadas na noite de s\u00e1bado (28) em uma cerim\u00f4nia religiosa na casa de um rabino em Monsey, no norte da cidade de New York, informou o Conselho de Assuntos P\u00fablicos Judaicos Ortodoxos.<\/p>\n<p>De acordo com as publica\u00e7\u00f5es do Conselho no Twitter, o agressor, que depois foi detido pela pol\u00edcia, esfaqueou cinco pessoas, uma delas at\u00e9 seis vezes, depois de invadir a casa onde era realizado um evento religioso para celebrar o Hanukkah, que marca a vit\u00f3ria de Judas Macabeu contra os greco-s\u00edrios em 165 a.C. e a reconquista de Jerusal\u00e9m e a purifica\u00e7\u00e3o do Templo. OJPAC detalhou que duas das v\u00edtimas foram levadas para o hospital em estado cr\u00edtico. Segundo as primeiras informa\u00e7\u00f5es, o agressor, que nunca tinha sido preso, agiu sozinho.<\/p>\n<p>At\u00e9 agora, os motivos para o ataque s\u00e3o desconhecidos. A unidade antiterrorista da pol\u00edcia de Nova York afirmou que est\u00e1 &#8220;analisando o incidente de forma profunda&#8221;. O ataque ocorreu por volta das 22h de s\u00e1bado, em um bairro onde se concentra uma grande popula\u00e7\u00e3o de judeus ortodoxos. Uma testemunha citada pelo jornal &#8220;New York Times&#8221; disse que o agressor tentou posteriormente entrar em uma sinagoga perto da casa do rabino, mas que as pessoas que estavam dentro do local conseguiram fechar a porta a tempo. O suspeito p\u00f4de ser preso, segundo a m\u00eddia local, porque testemunhas anotaram o n\u00famero da placa do carro em que fugiu do local.<\/p>\n<p>O governador do estado de New York, Andrew Cuomo, emitiu uma declara\u00e7\u00e3o expressando &#8220;horror&#8221; com o esfaqueamento, &#8220;o \u00faltimo de uma s\u00e9rie de ataques a membros da comunidade judaica de New York nesta semana&#8221;, comentou. &#8220;Sejamos claros: o antissemitismo e o fanatismo de qualquer tipo s\u00e3o repugnantes aos nossos valores de inclus\u00e3o e diversidade, e temos toler\u00e2ncia zero absoluta para este tipo de atos de \u00f3dio&#8221;, exclamou. A procuradora-geral do estado de New York, Letitia James, disse ap\u00f3s o ataque que seu departamento investigaria minuciosamente o que aconteceu e reafirmou a &#8220;toler\u00e2ncia zero para qualquer ato de \u00f3dio&#8221;. O prefeito de New York, Bill de Blasio, anunciou na sexta-feira passada uma maior presen\u00e7a policial nos bairros judaicos da cidade depois que pelo menos seis ataques antissemitas foram noticiados nesta semana. &#8220;Qualquer um que aterrorize a nossa comunidade judaica enfrentar\u00e1 a justi\u00e7a&#8221;, disse o prefeito, acrescentando que &#8220;n\u00e3o h\u00e1 lugar para o \u00f3dio na cidade&#8221;.<\/p>\n","protected":false},"excerpt":{"rendered":"<p>Pelo menos cinco pessoas ficaram feridas, duas em estado grave, ap\u00f3s serem esfaqueadas na noite de s\u00e1bado (28) em uma cerim\u00f4nia religiosa na casa de um rabino em Monsey, no norte da cidade de New York, informou o Conselho de Assuntos P\u00fablicos Judaicos Ortodoxos. De acordo com as publica\u00e7\u00f5es do Conselho no Twitter, o agressor, que depois foi detido pela pol\u00edcia, esfaqueou cinco pessoas, uma delas at\u00e9 seis vezes, depois de invadir a casa onde era realizado um evento religioso para celebrar o Hanukkah, que marca a vit\u00f3ria de Judas Macabeu contra os greco-s\u00edrios em 165 a.C. e a reconquista [&hellip;]<\/p>\n","protected":false},"author":1,"featured_media":42596,"comment_status":"open","ping_status":"open","sticky":false,"template":"","format":"standard","meta":{"_links_to":"","_links_to_target":""},"categories":[4,1],"tags":[],"views":1816,"_links":{"self":[{"href":"https:\/\/www.brazilianpress.com\/v1\/wp-json\/wp\/v2\/posts\/42595"}],"collection":[{"href":"https:\/\/www.brazilianpress.com\/v1\/wp-json\/wp\/v2\/posts"}],"about":[{"href":"https:\/\/www.brazilianpress.com\/v1\/wp-json\/wp\/v2\/types\/post"}],"author":[{"embeddable":true,"href":"https:\/\/www.brazilianpress.com\/v1\/wp-json\/wp\/v2\/users\/1"}],"replies":[{"embeddable":true,"href":"https:\/\/www.brazilianpress.com\/v1\/wp-json\/wp\/v2\/comments?post=42595"}],"version-history":[{"count":1,"href":"https:\/\/www.brazilianpress.com\/v1\/wp-json\/wp\/v2\/posts\/42595\/revisions"}],"predecessor-version":[{"id":42597,"href":"https:\/\/www.brazilianpress.com\/v1\/wp-json\/wp\/v2\/posts\/42595\/revisions\/42597"}],"wp:featuredmedia":[{"embeddable":true,"href":"https:\/\/www.brazilianpress.com\/v1\/wp-json\/wp\/v2\/media\/42596"}],"wp:attachment":[{"href":"https:\/\/www.brazilianpress.com\/v1\/wp-json\/wp\/v2\/media?parent=42595"}],"wp:term":[{"taxonomy":"category","embeddable":true,"href":"https:\/\/www.brazilianpress.com\/v1\/wp-json\/wp\/v2\/categories?post=42595"},{"taxonomy":"post_tag","embeddable":true,"href":"https:\/\/www.brazilianpress.com\/v1\/wp-json\/wp\/v2\/tags?post=42595"}],"curies":[{"name":"wp","href":"https:\/\/api.w.org\/{rel}","templated":true}]}}