{"id":42601,"date":"2020-01-04T13:57:12","date_gmt":"2020-01-04T17:57:12","guid":{"rendered":"http:\/\/www.brazilianpress.com\/v1\/?p=42601"},"modified":"2020-01-04T13:57:12","modified_gmt":"2020-01-04T17:57:12","slug":"itamaraty-apoia-eua-e-se-diz-pronto-para-atuar-contra-escalada-de-conflitos","status":"publish","type":"post","link":"https:\/\/www.brazilianpress.com\/v1\/2020\/01\/04\/itamaraty-apoia-eua-e-se-diz-pronto-para-atuar-contra-escalada-de-conflitos\/","title":{"rendered":"Itamaraty apoia EUA e se diz \u201cpronto\u201d para atuar contra \u201cescalada de conflitos\u201d"},"content":{"rendered":"<p>a noite de sexta (3), o Minist\u00e9rio das Rela\u00e7\u00f5es Exteriores do Brasil decidiu emitir uma nota a respeito do ataque dos Estados Unidos ao Ir\u00e3, que resultou no assassinato do general Quassem Soleimani. O Itamaraty declarou ao mundo que apoia a a\u00e7\u00e3o e que o Brasil est\u00e1 \u201cpronto\u201d para ajudar a evitar uma \u201cescalada de conflitos\u201d entre os pa\u00edses.<\/p>\n<p>\u201cO Governo brasileiro manifesta seu apoio \u00e0 luta contra o flagelo do terrorismo e reitera que essa luta requer a coopera\u00e7\u00e3o de toda a comunidade internacional sem que se busque qualquer justificativa ou relativiza\u00e7\u00e3o para o terrorismo\u201d, diz a nota. \u201cO Brasil est\u00e1 igualmente pronto a participar de esfor\u00e7os internacionais que contribuam para evitar uma escalada de conflitos neste momento.\u201d O Itamaraty ainda informou que \u201cacompanha com aten\u00e7\u00e3o os desdobramentos da a\u00e7\u00e3o no Iraque, inclusive seu impacto sobre os pre\u00e7os do petr\u00f3leo.\u201d<\/p>\n<p>Sem citar o assassinato do general, o \u00f3rg\u00e3o do governo Bolsonaro repreendeu apenas os \u201cataques \u00e0 Embaixada dos EUA em Bagd\u00e1, ocorridos nos \u00faltimos dias\u201d, apelando pela \u201cintegridade dos agentes diplom\u00e1ticos norte-americanos reconhecidos pelo governo do Iraque presentes naquele pa\u00eds\u201d. Leia, abaixo, a nota completa:<\/p>\n<p style=\"padding-left: 60px;\"><strong><em>Acontecimentos no Iraque e luta contra o terrorismo<\/em><\/strong><\/p>\n<p style=\"padding-left: 60px;\"><em>Ao tomar conhecimento das a\u00e7\u00f5es conduzidas pelos EUA nos \u00faltimos dias no Iraque, o Governo brasileiro manifesta seu apoio \u00e0 luta contra o flagelo do terrorismo e reitera que essa luta requer a coopera\u00e7\u00e3o de toda a comunidade internacional sem que se busque qualquer justificativa ou relativiza\u00e7\u00e3o para o terrorismo.<\/em><\/p>\n<p style=\"padding-left: 60px;\"><em>O Brasil est\u00e1 igualmente pronto a participar de esfor\u00e7os internacionais que contribuam para evitar uma escalada de conflitos neste momento.<\/em><\/p>\n<p style=\"padding-left: 60px;\"><em>O terrorismo n\u00e3o pode ser considerado um problema restrito ao Oriente M\u00e9dio e aos pa\u00edses desenvolvidos, e o Brasil n\u00e3o pode permanecer indiferente a essa amea\u00e7a, que afeta inclusive a Am\u00e9rica do Sul.<\/em><\/p>\n<p style=\"padding-left: 60px;\"><em>Diante dessa realidade, em 2019 o Brasil passou a participar em capacidade plena, e n\u00e3o mais apenas como observador, da Confer\u00eancia Ministerial Hemisf\u00e9rica de Luta contra o Terrorismo, que ter\u00e1 nova sess\u00e3o em 20 de janeiro em Bogot\u00e1.<\/em><\/p>\n<p style=\"padding-left: 60px;\"><em>O Brasil acompanha com aten\u00e7\u00e3o os desdobramentos da a\u00e7\u00e3o no Iraque, inclusive seu impacto sobre os pre\u00e7os do petr\u00f3leo, e apela uma vez mais para a unidade de todas as na\u00e7\u00f5es contra o terrorismo em todas as suas formas.<\/em><\/p>\n<p style=\"padding-left: 60px;\"><em>O Brasil condena igualmente os ataques \u00e0 Embaixada dos EUA em Bagd\u00e1, ocorridos nos \u00faltimos dias, e apela ao respeito da Conven\u00e7\u00e3o de Viena e \u00e0 integridade dos agentes diplom\u00e1ticos norte-americanos reconhecidos pelo governo do Iraque presentes naquele pa\u00eds.<\/em><\/p>\n","protected":false},"excerpt":{"rendered":"<p>a noite de sexta (3), o Minist\u00e9rio das Rela\u00e7\u00f5es Exteriores do Brasil decidiu emitir uma nota a respeito do ataque dos Estados Unidos ao Ir\u00e3, que resultou no assassinato do general Quassem Soleimani. O Itamaraty declarou ao mundo que apoia a a\u00e7\u00e3o e que o Brasil est\u00e1 \u201cpronto\u201d para ajudar a evitar uma \u201cescalada de conflitos\u201d entre os pa\u00edses. \u201cO Governo brasileiro manifesta seu apoio \u00e0 luta contra o flagelo do terrorismo e reitera que essa luta requer a coopera\u00e7\u00e3o de toda a comunidade internacional sem que se busque qualquer justificativa ou relativiza\u00e7\u00e3o para o terrorismo\u201d, diz a nota. \u201cO [&hellip;]<\/p>\n","protected":false},"author":1,"featured_media":40681,"comment_status":"open","ping_status":"open","sticky":false,"template":"","format":"standard","meta":{"_links_to":"","_links_to_target":""},"categories":[4,3,1],"tags":[],"views":1886,"_links":{"self":[{"href":"https:\/\/www.brazilianpress.com\/v1\/wp-json\/wp\/v2\/posts\/42601"}],"collection":[{"href":"https:\/\/www.brazilianpress.com\/v1\/wp-json\/wp\/v2\/posts"}],"about":[{"href":"https:\/\/www.brazilianpress.com\/v1\/wp-json\/wp\/v2\/types\/post"}],"author":[{"embeddable":true,"href":"https:\/\/www.brazilianpress.com\/v1\/wp-json\/wp\/v2\/users\/1"}],"replies":[{"embeddable":true,"href":"https:\/\/www.brazilianpress.com\/v1\/wp-json\/wp\/v2\/comments?post=42601"}],"version-history":[{"count":1,"href":"https:\/\/www.brazilianpress.com\/v1\/wp-json\/wp\/v2\/posts\/42601\/revisions"}],"predecessor-version":[{"id":42602,"href":"https:\/\/www.brazilianpress.com\/v1\/wp-json\/wp\/v2\/posts\/42601\/revisions\/42602"}],"wp:featuredmedia":[{"embeddable":true,"href":"https:\/\/www.brazilianpress.com\/v1\/wp-json\/wp\/v2\/media\/40681"}],"wp:attachment":[{"href":"https:\/\/www.brazilianpress.com\/v1\/wp-json\/wp\/v2\/media?parent=42601"}],"wp:term":[{"taxonomy":"category","embeddable":true,"href":"https:\/\/www.brazilianpress.com\/v1\/wp-json\/wp\/v2\/categories?post=42601"},{"taxonomy":"post_tag","embeddable":true,"href":"https:\/\/www.brazilianpress.com\/v1\/wp-json\/wp\/v2\/tags?post=42601"}],"curies":[{"name":"wp","href":"https:\/\/api.w.org\/{rel}","templated":true}]}}