{"id":42626,"date":"2020-01-09T08:37:19","date_gmt":"2020-01-09T12:37:19","guid":{"rendered":"http:\/\/www.brazilianpress.com\/v1\/?p=42626"},"modified":"2020-01-09T08:37:19","modified_gmt":"2020-01-09T12:37:19","slug":"social-press-09012020","status":"publish","type":"post","link":"https:\/\/www.brazilianpress.com\/v1\/2020\/01\/09\/social-press-09012020\/","title":{"rendered":"Social Press . 09\/01\/2020"},"content":{"rendered":"<p><em><strong><img loading=\"lazy\" class=\"alignnone size-full wp-image-42619\" src=\"http:\/\/www.brazilianpress.com\/v1\/wp-content\/uploads\/2020\/01\/social-press-1974-20200109-1.jpg\" alt=\"\" width=\"620\" height=\"375\" srcset=\"https:\/\/www.brazilianpress.com\/v1\/wp-content\/uploads\/2020\/01\/social-press-1974-20200109-1.jpg 620w, https:\/\/www.brazilianpress.com\/v1\/wp-content\/uploads\/2020\/01\/social-press-1974-20200109-1-300x181.jpg 300w\" sizes=\"(max-width: 620px) 100vw, 620px\" \/><br \/>\nSilvio de Souza, Augusto Amador e Wendel Correia no jantar Birthday Fundraiser 2020 Councilman Augusto Amador.<\/strong><\/em><\/p>\n<p><em><strong><img loading=\"lazy\" class=\"alignnone size-full wp-image-42620\" src=\"http:\/\/www.brazilianpress.com\/v1\/wp-content\/uploads\/2020\/01\/social-press-1974-20200109-2.jpg\" alt=\"\" width=\"620\" height=\"313\" srcset=\"https:\/\/www.brazilianpress.com\/v1\/wp-content\/uploads\/2020\/01\/social-press-1974-20200109-2.jpg 620w, https:\/\/www.brazilianpress.com\/v1\/wp-content\/uploads\/2020\/01\/social-press-1974-20200109-2-300x151.jpg 300w\" sizes=\"(max-width: 620px) 100vw, 620px\" \/><br \/>\nHappy birthday para a amiga Meire que comemorou seu niver com muita alegria e mulheres bonitas no Delicias de Minas. Parab\u00e9ns e muitas felicidades!<\/strong><\/em><\/p>\n<p><em><strong><img loading=\"lazy\" class=\"alignnone size-full wp-image-42621\" src=\"http:\/\/www.brazilianpress.com\/v1\/wp-content\/uploads\/2020\/01\/social-press-1974-20200109-3.jpg\" alt=\"\" width=\"550\" height=\"550\" srcset=\"https:\/\/www.brazilianpress.com\/v1\/wp-content\/uploads\/2020\/01\/social-press-1974-20200109-3.jpg 550w, https:\/\/www.brazilianpress.com\/v1\/wp-content\/uploads\/2020\/01\/social-press-1974-20200109-3-150x150.jpg 150w, https:\/\/www.brazilianpress.com\/v1\/wp-content\/uploads\/2020\/01\/social-press-1974-20200109-3-300x300.jpg 300w\" sizes=\"(max-width: 550px) 100vw, 550px\" \/><br \/>\nForte abra\u00e7o a nossa linda amiga e leitora, a jovem Ana Carolina Martins de Matos, esbanjando charme e beleza tropical brasileira. Happy Holidays!!!<\/strong><\/em><\/p>\n<p><em><strong><img loading=\"lazy\" class=\"alignnone size-full wp-image-42622\" src=\"http:\/\/www.brazilianpress.com\/v1\/wp-content\/uploads\/2020\/01\/social-press-1974-20200109-4.jpg\" alt=\"\" width=\"620\" height=\"465\" srcset=\"https:\/\/www.brazilianpress.com\/v1\/wp-content\/uploads\/2020\/01\/social-press-1974-20200109-4.jpg 620w, https:\/\/www.brazilianpress.com\/v1\/wp-content\/uploads\/2020\/01\/social-press-1974-20200109-4-300x225.jpg 300w\" sizes=\"(max-width: 620px) 100vw, 620px\" \/><br \/>\nUm Grande Abra\u00e7o e Votos de Muitas Realiza\u00e7\u00f5es a linda fam\u00edlia Junior Bar\u00e3o e Natalia Ribeiro ao lado dos filhos, celebrando os Holidays com muita harmonia e paz. Happy 2020!!!<\/strong><\/em><\/p>\n<p><em><strong><img loading=\"lazy\" class=\"alignnone size-full wp-image-42623\" src=\"http:\/\/www.brazilianpress.com\/v1\/wp-content\/uploads\/2020\/01\/social-press-1974-20200109-5.jpg\" alt=\"\" width=\"620\" height=\"319\" srcset=\"https:\/\/www.brazilianpress.com\/v1\/wp-content\/uploads\/2020\/01\/social-press-1974-20200109-5.jpg 620w, https:\/\/www.brazilianpress.com\/v1\/wp-content\/uploads\/2020\/01\/social-press-1974-20200109-5-300x154.jpg 300w\" sizes=\"(max-width: 620px) 100vw, 620px\" \/><br \/>\nNossos votos de Feliz Ano Novo a nossa querida Cleide Pires e sua linda familia, o maridao Wesley Costa e os lindos filhotes Gabriel e Laura. Muita Saude e Vitorias em 2020 Galera!!!<\/strong><\/em><\/p>\n<p><em><strong><img loading=\"lazy\" class=\"alignnone size-full wp-image-42624\" src=\"http:\/\/www.brazilianpress.com\/v1\/wp-content\/uploads\/2020\/01\/social-press-1974-20200109-6.jpg\" alt=\"\" width=\"620\" height=\"466\" srcset=\"https:\/\/www.brazilianpress.com\/v1\/wp-content\/uploads\/2020\/01\/social-press-1974-20200109-6.jpg 620w, https:\/\/www.brazilianpress.com\/v1\/wp-content\/uploads\/2020\/01\/social-press-1974-20200109-6-300x225.jpg 300w\" sizes=\"(max-width: 620px) 100vw, 620px\" \/><br \/>\nNossa amiga Andressa Fernandes celebrou as Festas de Natal e Ano Novo em grande estilo ao lado do filhote e de amigos em sua reisd\u00eancia em Newark, New Jersey. Sucesso!!!<\/strong><\/em><\/p>\n<p><em><strong><img loading=\"lazy\" class=\"alignnone size-full wp-image-42625\" src=\"http:\/\/www.brazilianpress.com\/v1\/wp-content\/uploads\/2020\/01\/social-press-1974-20200109-7.jpg\" alt=\"\" width=\"620\" height=\"481\" srcset=\"https:\/\/www.brazilianpress.com\/v1\/wp-content\/uploads\/2020\/01\/social-press-1974-20200109-7.jpg 620w, https:\/\/www.brazilianpress.com\/v1\/wp-content\/uploads\/2020\/01\/social-press-1974-20200109-7-300x233.jpg 300w\" sizes=\"(max-width: 620px) 100vw, 620px\" \/><br \/>\nLuciano Trajano Pontal Brasil , entregando o pr\u00eamio ao ganhador da promo\u00e7\u00e3o 2019 uma Smart TV Samsung 40 polegadas Welerson Araujo, Parab\u00e9ns!<\/strong><\/em><\/p>\n<p><em><strong><img loading=\"lazy\" class=\"alignnone size-full wp-image-42618\" src=\"http:\/\/www.brazilianpress.com\/v1\/wp-content\/uploads\/2020\/01\/social-press-1974-20200109-8.jpg\" alt=\"\" width=\"500\" height=\"935\" srcset=\"https:\/\/www.brazilianpress.com\/v1\/wp-content\/uploads\/2020\/01\/social-press-1974-20200109-8.jpg 500w, https:\/\/www.brazilianpress.com\/v1\/wp-content\/uploads\/2020\/01\/social-press-1974-20200109-8-160x300.jpg 160w\" sizes=\"(max-width: 500px) 100vw, 500px\" \/><br \/>\nA linda portuguesa\/americana Natalia Fernandes celebrou as festividades do nascimento de Cristo em grande estilo ao lado de bons amigos em New Jersey. Felicidades e Sa\u00fade 2020!!!<\/strong><\/em><\/p>\n","protected":false},"excerpt":{"rendered":"<p>Silvio de Souza, Augusto Amador e Wendel Correia no jantar Birthday Fundraiser 2020 Councilman Augusto Amador. Happy birthday para a amiga Meire que comemorou seu niver com muita alegria e mulheres bonitas no Delicias de Minas. Parab\u00e9ns e muitas felicidades! Forte abra\u00e7o a nossa linda amiga e leitora, a jovem Ana Carolina Martins de Matos, esbanjando charme e beleza tropical brasileira. Happy Holidays!!! Um Grande Abra\u00e7o e Votos de Muitas Realiza\u00e7\u00f5es a linda fam\u00edlia Junior Bar\u00e3o e Natalia Ribeiro ao lado dos filhos, celebrando os Holidays com muita harmonia e paz. Happy 2020!!! Nossos votos de Feliz Ano Novo a [&hellip;]<\/p>\n","protected":false},"author":1,"featured_media":42619,"comment_status":"open","ping_status":"open","sticky":false,"template":"","format":"standard","meta":{"_links_to":"","_links_to_target":""},"categories":[3,1,6],"tags":[],"views":3783,"_links":{"self":[{"href":"https:\/\/www.brazilianpress.com\/v1\/wp-json\/wp\/v2\/posts\/42626"}],"collection":[{"href":"https:\/\/www.brazilianpress.com\/v1\/wp-json\/wp\/v2\/posts"}],"about":[{"href":"https:\/\/www.brazilianpress.com\/v1\/wp-json\/wp\/v2\/types\/post"}],"author":[{"embeddable":true,"href":"https:\/\/www.brazilianpress.com\/v1\/wp-json\/wp\/v2\/users\/1"}],"replies":[{"embeddable":true,"href":"https:\/\/www.brazilianpress.com\/v1\/wp-json\/wp\/v2\/comments?post=42626"}],"version-history":[{"count":1,"href":"https:\/\/www.brazilianpress.com\/v1\/wp-json\/wp\/v2\/posts\/42626\/revisions"}],"predecessor-version":[{"id":42627,"href":"https:\/\/www.brazilianpress.com\/v1\/wp-json\/wp\/v2\/posts\/42626\/revisions\/42627"}],"wp:featuredmedia":[{"embeddable":true,"href":"https:\/\/www.brazilianpress.com\/v1\/wp-json\/wp\/v2\/media\/42619"}],"wp:attachment":[{"href":"https:\/\/www.brazilianpress.com\/v1\/wp-json\/wp\/v2\/media?parent=42626"}],"wp:term":[{"taxonomy":"category","embeddable":true,"href":"https:\/\/www.brazilianpress.com\/v1\/wp-json\/wp\/v2\/categories?post=42626"},{"taxonomy":"post_tag","embeddable":true,"href":"https:\/\/www.brazilianpress.com\/v1\/wp-json\/wp\/v2\/tags?post=42626"}],"curies":[{"name":"wp","href":"https:\/\/api.w.org\/{rel}","templated":true}]}}