{"id":42637,"date":"2020-01-09T12:42:09","date_gmt":"2020-01-09T16:42:09","guid":{"rendered":"http:\/\/www.brazilianpress.com\/v1\/?p=42637"},"modified":"2020-01-09T12:42:09","modified_gmt":"2020-01-09T16:42:09","slug":"agenda-cultural-9120-by-roger-costa","status":"publish","type":"post","link":"https:\/\/www.brazilianpress.com\/v1\/2020\/01\/09\/agenda-cultural-9120-by-roger-costa\/","title":{"rendered":"Agenda Cultural 9\/1\/20, by Roger Costa"},"content":{"rendered":"<p><img loading=\"lazy\" class=\"alignnone size-full wp-image-42641\" src=\"http:\/\/www.brazilianpress.com\/v1\/wp-content\/uploads\/2020\/01\/Wynton-Marsalis-e-Chris-Crenshaw-apresentam-celebra\u00e7\u00e3o-ao-jazz-e-Tons-Espirituais.jpg\" alt=\"\" width=\"726\" height=\"409\" srcset=\"https:\/\/www.brazilianpress.com\/v1\/wp-content\/uploads\/2020\/01\/Wynton-Marsalis-e-Chris-Crenshaw-apresentam-celebra\u00e7\u00e3o-ao-jazz-e-Tons-Espirituais.jpg 726w, https:\/\/www.brazilianpress.com\/v1\/wp-content\/uploads\/2020\/01\/Wynton-Marsalis-e-Chris-Crenshaw-apresentam-celebra\u00e7\u00e3o-ao-jazz-e-Tons-Espirituais-300x169.jpg 300w\" sizes=\"(max-width: 726px) 100vw, 726px\" \/><br \/>\n*Wynton Marsalis e Chris Crenshaw apresentam celebra\u00e7\u00e3o ao jazz em Tons Espirituais&gt; O mestre do jazz Wynton Marsalis e a Orchestra do Jazz at Lincoln Center apresentam o espet\u00e1culo Spiritual Sounds and the Jazz Age, uma celebra\u00e7\u00e3o \u00e0 \u00e9poca dourada do jazz nos anos 1920 e a influ\u00eancia predominante do Gospel afro-americano. O show explora a versatilidade e precis\u00e3o de seus m\u00fasicos, revisitando dois cl\u00e1ssicos com nova roupagem: &#8220;Untamed Elegance&#8221; de Victor Goines, e &#8220;God&#8217;s Trombones&#8221; de Chris Crenshaw (foto) e baseado em poemas e serm\u00f5es extra\u00eddos de um livro. Sexta e s\u00e1bado \u00e0s 8h00 p.m. Ingressos a partir de $40. INFO: <a href=\"https:\/\/www.jazz.org\/events\/t-9015\/Spiritual-Sounds-and-The-Jazz-Age\/\">https:\/\/www.jazz.org\/events\/t-9015\/Spiritual-Sounds-and-The-Jazz-Age\/<\/a><\/p>\n<p><img loading=\"lazy\" class=\"alignnone size-full wp-image-42639\" src=\"http:\/\/www.brazilianpress.com\/v1\/wp-content\/uploads\/2020\/01\/Apollo-Theater-apresenta-celebra\u00e7\u00e3o-anual-a-Martin-Luther-King.jpg\" alt=\"\" width=\"600\" height=\"315\" srcset=\"https:\/\/www.brazilianpress.com\/v1\/wp-content\/uploads\/2020\/01\/Apollo-Theater-apresenta-celebra\u00e7\u00e3o-anual-a-Martin-Luther-King.jpg 600w, https:\/\/www.brazilianpress.com\/v1\/wp-content\/uploads\/2020\/01\/Apollo-Theater-apresenta-celebra\u00e7\u00e3o-anual-a-Martin-Luther-King-300x158.jpg 300w\" sizes=\"(max-width: 600px) 100vw, 600px\" \/><br \/>\n*Apollo Theater apresenta celebra\u00e7\u00e3o anual a Martin Luther King&gt; Realizado pelo hist\u00f3rico Apollo Theater (253 W 125th St) em colabora\u00e7\u00e3o com a Radio WNYC, o 14th Annual Dr. Martin Luther King, Jr. Day Celebration acontece neste domingo das 3 \u00e0s 5 da tarde com palestras, apresenta\u00e7\u00f5es art\u00edsticas, m\u00fasica, leituras e workshops. O evento &#8220;The Strategic King: MLK&#8217;s Visionary Leadership&#8221; tem foco no uso de m\u00eddia e estrat\u00e9gias de influ\u00eancia pol\u00edtica usadas pelo doutor e sua equipe. Entre os participantes deste ano, Herb Boyd, jornalista, educador e autor, Taylor Branch, ganhador do Pr\u00eamio Pulitzer, Rev. Canon Kelly Brown Douglas, o escritor Jonathan Capehart do Washington Post Opinion, a jornalista Dorothy Butler Gilliam, e outros. Gratuito. INFO: <a href=\"https:\/\/www.apollotheater.org\/event\/apollo-uptown-hall-martin-luther-king-jr-celebration\/\">https:\/\/www.apollotheater.org\/event\/apollo-uptown-hall-martin-luther-king-jr-celebration\/<\/a><\/p>\n<p><img loading=\"lazy\" class=\"alignnone size-full wp-image-42640\" src=\"http:\/\/www.brazilianpress.com\/v1\/wp-content\/uploads\/2020\/01\/Seu-Jorge-estreia-novo-show-colaborativo-em-New-York.jpg\" alt=\"\" width=\"700\" height=\"428\" srcset=\"https:\/\/www.brazilianpress.com\/v1\/wp-content\/uploads\/2020\/01\/Seu-Jorge-estreia-novo-show-colaborativo-em-New-York.jpg 700w, https:\/\/www.brazilianpress.com\/v1\/wp-content\/uploads\/2020\/01\/Seu-Jorge-estreia-novo-show-colaborativo-em-New-York-300x183.jpg 300w\" sizes=\"(max-width: 700px) 100vw, 700px\" \/><br \/>\n*Seu Jorge estreia novo show colaborativo em New York&gt; O astro da m\u00fasica popular brasileira Seu Jorge, chega ao palco do The Town Hall (123 West 43rd Street) para a estreia do seu novo projeto &#8220;Seu Jorge &amp; Rog\u00ea: Night Dreamer Direct-to-Disc Sessions&#8221; trabalho colaborativo realizado com a sensa\u00e7\u00e3o do samba-funk Rog\u00ea. O espet\u00e1culo tem ainda a participa\u00e7\u00e3o da conceituada clarinetista Anat Cohen, nomeada ao pr\u00eamio Grammy, juntamente com sua Banda Choro Aventuroso. Uma realiza\u00e7\u00e3o Winter Jazzfest. Quinta, 16 de janeiro, \u00e0s 8h00 p.m. Ingressos a partir de $55. INFO: <a href=\"http:\/\/thetownhall.org\/event\/seu-jorge-jan-16\">http:\/\/thetownhall.org\/event\/seu-jorge-jan-16<\/a>.<\/p>\n<p><img loading=\"lazy\" class=\"alignnone size-full wp-image-42638\" src=\"http:\/\/www.brazilianpress.com\/v1\/wp-content\/uploads\/2020\/01\/American-Museum-of-Natural-History-estreia-eventos-especiais-1.jpg\" alt=\"\" width=\"495\" height=\"371\" srcset=\"https:\/\/www.brazilianpress.com\/v1\/wp-content\/uploads\/2020\/01\/American-Museum-of-Natural-History-estreia-eventos-especiais-1.jpg 495w, https:\/\/www.brazilianpress.com\/v1\/wp-content\/uploads\/2020\/01\/American-Museum-of-Natural-History-estreia-eventos-especiais-1-300x225.jpg 300w\" sizes=\"(max-width: 495px) 100vw, 495px\" \/><br \/>\n*American Museum of Natural History estreia eventos especiais&gt; Ideal para toda a fam\u00edlia descobrir as raridades, aventuras e mist\u00e9rios da natureza, o AMNH oferece tamb\u00e9m projetos de apelo visual e est\u00e1 estreando dois novos shows nesta semana. O primeiro \u00e9 o trabalho imersivo em 3D &#8220;Volcanoes: The Fires of Creation&#8221; que acaba de ser inaugurada pela s\u00e9rie Big Screen Film e leva os participantes a uma aventura pelos maiores vulc\u00f5es do mundo. E o novo show no Planetarium &#8220;Worlds Beyond Earth&#8221; narrando os paralelos dos planetas no sistema solar, em cartaz a partir do dia 21 de janeiro. INFO: <a href=\"https:\/\/www.amnh.org\/exhibitions\/3d-and-2d-films\/volcano-movie\">https:\/\/www.amnh.org\/exhibitions\/3d-and-2d-films\/volcano-movie<\/a>.<\/p>\n","protected":false},"excerpt":{"rendered":"<p>*Wynton Marsalis e Chris Crenshaw apresentam celebra\u00e7\u00e3o ao jazz em Tons Espirituais&gt; O mestre do jazz Wynton Marsalis e a Orchestra do Jazz at Lincoln Center apresentam o espet\u00e1culo Spiritual Sounds and the Jazz Age, uma celebra\u00e7\u00e3o \u00e0 \u00e9poca dourada do jazz nos anos 1920 e a influ\u00eancia predominante do Gospel afro-americano. O show explora a versatilidade e precis\u00e3o de seus m\u00fasicos, revisitando dois cl\u00e1ssicos com nova roupagem: &#8220;Untamed Elegance&#8221; de Victor Goines, e &#8220;God&#8217;s Trombones&#8221; de Chris Crenshaw (foto) e baseado em poemas e serm\u00f5es extra\u00eddos de um livro. Sexta e s\u00e1bado \u00e0s 8h00 p.m. Ingressos a partir de [&hellip;]<\/p>\n","protected":false},"author":1,"featured_media":42641,"comment_status":"open","ping_status":"open","sticky":false,"template":"","format":"standard","meta":{"_links_to":"","_links_to_target":""},"categories":[20,1],"tags":[],"views":3739,"_links":{"self":[{"href":"https:\/\/www.brazilianpress.com\/v1\/wp-json\/wp\/v2\/posts\/42637"}],"collection":[{"href":"https:\/\/www.brazilianpress.com\/v1\/wp-json\/wp\/v2\/posts"}],"about":[{"href":"https:\/\/www.brazilianpress.com\/v1\/wp-json\/wp\/v2\/types\/post"}],"author":[{"embeddable":true,"href":"https:\/\/www.brazilianpress.com\/v1\/wp-json\/wp\/v2\/users\/1"}],"replies":[{"embeddable":true,"href":"https:\/\/www.brazilianpress.com\/v1\/wp-json\/wp\/v2\/comments?post=42637"}],"version-history":[{"count":1,"href":"https:\/\/www.brazilianpress.com\/v1\/wp-json\/wp\/v2\/posts\/42637\/revisions"}],"predecessor-version":[{"id":42642,"href":"https:\/\/www.brazilianpress.com\/v1\/wp-json\/wp\/v2\/posts\/42637\/revisions\/42642"}],"wp:featuredmedia":[{"embeddable":true,"href":"https:\/\/www.brazilianpress.com\/v1\/wp-json\/wp\/v2\/media\/42641"}],"wp:attachment":[{"href":"https:\/\/www.brazilianpress.com\/v1\/wp-json\/wp\/v2\/media?parent=42637"}],"wp:term":[{"taxonomy":"category","embeddable":true,"href":"https:\/\/www.brazilianpress.com\/v1\/wp-json\/wp\/v2\/categories?post=42637"},{"taxonomy":"post_tag","embeddable":true,"href":"https:\/\/www.brazilianpress.com\/v1\/wp-json\/wp\/v2\/tags?post=42637"}],"curies":[{"name":"wp","href":"https:\/\/api.w.org\/{rel}","templated":true}]}}