{"id":42659,"date":"2020-01-09T18:10:21","date_gmt":"2020-01-09T22:10:21","guid":{"rendered":"http:\/\/www.brazilianpress.com\/v1\/?p=42659"},"modified":"2020-01-09T18:10:21","modified_gmt":"2020-01-09T22:10:21","slug":"flamengo-estuda-aumentar-oferta-para-tentar-fechar-a-contratacao-de-michael-do-goias","status":"publish","type":"post","link":"https:\/\/www.brazilianpress.com\/v1\/2020\/01\/09\/flamengo-estuda-aumentar-oferta-para-tentar-fechar-a-contratacao-de-michael-do-goias\/","title":{"rendered":"Flamengo estuda aumentar oferta para tentar fechar a contrata\u00e7\u00e3o de Michael, do Goi\u00e1s"},"content":{"rendered":"<p>A diretoria do Flamengo estuda aumentar a oferta feita ao Goi\u00e1s para tentar fechar a contrata\u00e7\u00e3o do atacante Michael. Para chegar ao que pede a equipe esmeraldina por seus 80% dos direitos, o Flamengo precisa colocar mais 500 mil euros em cima da mesa. A expectativa \u00e9 de um desfecho positivo.<\/p>\n<p>&#8211; Precisamos qualificar o elenco por inteiro. Michael \u00e9 bom jogador. N\u00e3o (negocia\u00e7\u00e3o n\u00e3o est\u00e1 avan\u00e7ada). Ainda vamos analisar se vamos aumentar a proposta &#8211; disse o vice de futebol Marcos Braz.<\/p>\n<p>Michael pediu para n\u00e3o se apresentar junto com o restante do elenco nesta quarta, e foi atendido. Em princ\u00edpio, ele se junta ao grupo na quinta, mas tem a esperan\u00e7a de que antes disso tudo se resolva.<\/p>\n<p>Al\u00e9m do valor, outro obst\u00e1culo que ter\u00e1 que ser ultrapassado \u00e9 a forma de pagamento. A oferta inicial era de parcelar em tr\u00eas vezes (uma imediata, a segunda em junho e a \u00faltima em janeiro de 2021), o que n\u00e3o agradou ao Goi\u00e1s. Uma alternativa para os dirigentes do Flamengo e propor a redu\u00e7\u00e3o para duas parcelas.<\/p>\n<p>Como as negocia\u00e7\u00f5es com o Goi\u00e1s geralmente s\u00e3o complicadas, a cautela do Flamengo aumenta. Outro fator que pode retardar o desfecho \u00e9 o fato de o presidente do clube, Marcelo Almeida, estar nos Estados Unidos. Ele \u00e9 uma das sete pessoas que fazem parte do conselho de administra\u00e7\u00e3o, todas com direito a voto sobre as propostas.<\/p>\n<p>Como tem uma situa\u00e7\u00e3o financeira est\u00e1vel, a equipe esmeraldina tem maior poder de barganha. Segundo uma fonte ligada ao clube, a equipe n\u00e3o est\u00e1 de &#8220;pires na m\u00e3o&#8221;, e por isso n\u00e3o tem pressa.<\/p>\n<p>Al\u00e9m de poder contar com a revela\u00e7\u00e3o do \u00faltimo Campeonato Brasileiro, a contrata\u00e7\u00e3o seria uma oportunidade para o Flamengo mudar um pouco o foco do conflito gerado com a demiss\u00e3o do gerente de futebol Paulo Pelaipe sem a anu\u00eancia do vice de futebol Marcos Braz e do diretor Bruno Spindel.<\/p>\n<p>O Corinthians \u00e9 outro clube que tem interesse no atacante, de 23 anos. Na segunda-feira,\u00a0Du\u00edlio Monteiro Alves, diretor de futebol da equipe paulista, detalhou a proposta feita ao Goi\u00e1s. Ele disse que o valor chegou a R$ 22,7 milh\u00f5es, al\u00e9m de uma lista de jogadores que poderiam ser cedidos ao Esmeraldino, que n\u00e3o aceitou.<\/p>\n","protected":false},"excerpt":{"rendered":"<p>A diretoria do Flamengo estuda aumentar a oferta feita ao Goi\u00e1s para tentar fechar a contrata\u00e7\u00e3o do atacante Michael. Para chegar ao que pede a equipe esmeraldina por seus 80% dos direitos, o Flamengo precisa colocar mais 500 mil euros em cima da mesa. A expectativa \u00e9 de um desfecho positivo. &#8211; Precisamos qualificar o elenco por inteiro. Michael \u00e9 bom jogador. N\u00e3o (negocia\u00e7\u00e3o n\u00e3o est\u00e1 avan\u00e7ada). Ainda vamos analisar se vamos aumentar a proposta &#8211; disse o vice de futebol Marcos Braz. Michael pediu para n\u00e3o se apresentar junto com o restante do elenco nesta quarta, e foi atendido. [&hellip;]<\/p>\n","protected":false},"author":1,"featured_media":42660,"comment_status":"open","ping_status":"open","sticky":false,"template":"","format":"standard","meta":{"_links_to":"","_links_to_target":""},"categories":[9,1],"tags":[],"views":1334,"_links":{"self":[{"href":"https:\/\/www.brazilianpress.com\/v1\/wp-json\/wp\/v2\/posts\/42659"}],"collection":[{"href":"https:\/\/www.brazilianpress.com\/v1\/wp-json\/wp\/v2\/posts"}],"about":[{"href":"https:\/\/www.brazilianpress.com\/v1\/wp-json\/wp\/v2\/types\/post"}],"author":[{"embeddable":true,"href":"https:\/\/www.brazilianpress.com\/v1\/wp-json\/wp\/v2\/users\/1"}],"replies":[{"embeddable":true,"href":"https:\/\/www.brazilianpress.com\/v1\/wp-json\/wp\/v2\/comments?post=42659"}],"version-history":[{"count":1,"href":"https:\/\/www.brazilianpress.com\/v1\/wp-json\/wp\/v2\/posts\/42659\/revisions"}],"predecessor-version":[{"id":42661,"href":"https:\/\/www.brazilianpress.com\/v1\/wp-json\/wp\/v2\/posts\/42659\/revisions\/42661"}],"wp:featuredmedia":[{"embeddable":true,"href":"https:\/\/www.brazilianpress.com\/v1\/wp-json\/wp\/v2\/media\/42660"}],"wp:attachment":[{"href":"https:\/\/www.brazilianpress.com\/v1\/wp-json\/wp\/v2\/media?parent=42659"}],"wp:term":[{"taxonomy":"category","embeddable":true,"href":"https:\/\/www.brazilianpress.com\/v1\/wp-json\/wp\/v2\/categories?post=42659"},{"taxonomy":"post_tag","embeddable":true,"href":"https:\/\/www.brazilianpress.com\/v1\/wp-json\/wp\/v2\/tags?post=42659"}],"curies":[{"name":"wp","href":"https:\/\/api.w.org\/{rel}","templated":true}]}}