{"id":42814,"date":"2020-01-23T09:59:21","date_gmt":"2020-01-23T13:59:21","guid":{"rendered":"http:\/\/www.brazilianpress.com\/v1\/?p=42814"},"modified":"2020-01-23T09:59:21","modified_gmt":"2020-01-23T13:59:21","slug":"social-press-23012020","status":"publish","type":"post","link":"https:\/\/www.brazilianpress.com\/v1\/2020\/01\/23\/social-press-23012020\/","title":{"rendered":"Social Press . 23\/01\/2020"},"content":{"rendered":"<p><em><strong><img loading=\"lazy\" class=\"alignnone size-full wp-image-42808\" src=\"http:\/\/www.brazilianpress.com\/v1\/wp-content\/uploads\/2020\/01\/social-press-ed1976-20200123-1.jpg\" alt=\"\" width=\"620\" height=\"457\" srcset=\"https:\/\/www.brazilianpress.com\/v1\/wp-content\/uploads\/2020\/01\/social-press-ed1976-20200123-1.jpg 620w, https:\/\/www.brazilianpress.com\/v1\/wp-content\/uploads\/2020\/01\/social-press-ed1976-20200123-1-300x221.jpg 300w\" sizes=\"(max-width: 620px) 100vw, 620px\" \/><br \/>\nUm grande abra\u00e7o ao amigo e patrocinador do Kids Day Brazilian Press h\u00e1 mais de 10 anos Paulo Matos que comemorou mais um ano de vida com muita alegria. Parab\u00e9ns e muitas felicidade!<\/strong><\/em><\/p>\n<p><em><strong><img loading=\"lazy\" class=\"alignnone size-full wp-image-42809\" src=\"http:\/\/www.brazilianpress.com\/v1\/wp-content\/uploads\/2020\/01\/social-press-ed1976-20200123-2.jpg\" alt=\"\" width=\"620\" height=\"585\" srcset=\"https:\/\/www.brazilianpress.com\/v1\/wp-content\/uploads\/2020\/01\/social-press-ed1976-20200123-2.jpg 620w, https:\/\/www.brazilianpress.com\/v1\/wp-content\/uploads\/2020\/01\/social-press-ed1976-20200123-2-300x283.jpg 300w\" sizes=\"(max-width: 620px) 100vw, 620px\" \/><br \/>\nAgora chegou aquela esta\u00e7\u00e3o do ano que deixa todo mundo maluco Taxas, ainda bem que nossa amiga Clara Santos est\u00e1 sempre com um belo sorriso a nos esperar.<\/strong><\/em><\/p>\n<p><em><strong><img loading=\"lazy\" class=\"alignnone size-full wp-image-42810\" src=\"http:\/\/www.brazilianpress.com\/v1\/wp-content\/uploads\/2020\/01\/social-press-ed1976-20200123-3.jpg\" alt=\"\" width=\"550\" height=\"762\" srcset=\"https:\/\/www.brazilianpress.com\/v1\/wp-content\/uploads\/2020\/01\/social-press-ed1976-20200123-3.jpg 550w, https:\/\/www.brazilianpress.com\/v1\/wp-content\/uploads\/2020\/01\/social-press-ed1976-20200123-3-217x300.jpg 217w\" sizes=\"(max-width: 550px) 100vw, 550px\" \/><br \/>\nAqui a fam\u00edlia tem que ser super her\u00f3is mesmo!!! O incr\u00edvel Daniel e o irm\u00e3o Gabriel j\u00e1 est\u00e3o super lidnos!!! Parab\u00e9ns aos papais Andr\u00e9 e Juliana Abrah\u00e3o.Foto<\/strong><\/em><\/p>\n<p><em><strong><img loading=\"lazy\" class=\"alignnone size-full wp-image-42811\" src=\"http:\/\/www.brazilianpress.com\/v1\/wp-content\/uploads\/2020\/01\/social-press-ed1976-20200123-4.jpg\" alt=\"\" width=\"620\" height=\"465\" srcset=\"https:\/\/www.brazilianpress.com\/v1\/wp-content\/uploads\/2020\/01\/social-press-ed1976-20200123-4.jpg 620w, https:\/\/www.brazilianpress.com\/v1\/wp-content\/uploads\/2020\/01\/social-press-ed1976-20200123-4-300x225.jpg 300w\" sizes=\"(max-width: 620px) 100vw, 620px\" \/><br \/>\nIncentivar os filhos ao esporte ser\u00e1 sempre um \u00f3timo investimento, parab\u00e9ns aos papais Joseph Venuto e Soraia Costa Venuto pela linda filhota Fernanda Costa Venuto que est\u00e1 arrasando no hockey.<\/strong><\/em><\/p>\n<p><em><strong><img loading=\"lazy\" class=\"alignnone size-full wp-image-42812\" src=\"http:\/\/www.brazilianpress.com\/v1\/wp-content\/uploads\/2020\/01\/social-press-ed1976-20200123-5.jpg\" alt=\"\" width=\"620\" height=\"417\" srcset=\"https:\/\/www.brazilianpress.com\/v1\/wp-content\/uploads\/2020\/01\/social-press-ed1976-20200123-5.jpg 620w, https:\/\/www.brazilianpress.com\/v1\/wp-content\/uploads\/2020\/01\/social-press-ed1976-20200123-5-300x202.jpg 300w\" sizes=\"(max-width: 620px) 100vw, 620px\" \/><br \/>\nEnt\u00e3o nossa amada Ivete Sangalo esteve na Fl\u00f3rida para mais um show e o F\u00e3 Clube mais apaixonado de New Jersey esteve l\u00e1 para prestigiar nossa Diva! Digo Costa n\u00e3o ia perder isso nunca !<\/strong><\/em><\/p>\n<p><em><strong><img loading=\"lazy\" class=\"alignnone size-full wp-image-42813\" src=\"http:\/\/www.brazilianpress.com\/v1\/wp-content\/uploads\/2020\/01\/social-press-ed1976-20200123-6.jpg\" alt=\"\" width=\"550\" height=\"605\" srcset=\"https:\/\/www.brazilianpress.com\/v1\/wp-content\/uploads\/2020\/01\/social-press-ed1976-20200123-6.jpg 550w, https:\/\/www.brazilianpress.com\/v1\/wp-content\/uploads\/2020\/01\/social-press-ed1976-20200123-6-273x300.jpg 273w\" sizes=\"(max-width: 550px) 100vw, 550px\" \/><br \/>\nA aniversariante Camila foi surpreendida pela pelas colegas de trabalho na Francine\u2019s Travel e ganhou este belo bolo de presente, Happy Birthday!<\/strong><\/em><\/p>\n<p><em><strong><img loading=\"lazy\" class=\"alignnone size-full wp-image-42807\" src=\"http:\/\/www.brazilianpress.com\/v1\/wp-content\/uploads\/2020\/01\/social-press-ed1976-20200123-7.jpg\" alt=\"\" width=\"620\" height=\"368\" srcset=\"https:\/\/www.brazilianpress.com\/v1\/wp-content\/uploads\/2020\/01\/social-press-ed1976-20200123-7.jpg 620w, https:\/\/www.brazilianpress.com\/v1\/wp-content\/uploads\/2020\/01\/social-press-ed1976-20200123-7-300x178.jpg 300w\" sizes=\"(max-width: 620px) 100vw, 620px\" \/><br \/>\nHappy Birthday Vanessa Mendes comemorando mais um inverno e fazendo tudo para fazer o Julio feliz, Parab\u00e9ns<\/strong><\/em><\/p>\n","protected":false},"excerpt":{"rendered":"<p>Um grande abra\u00e7o ao amigo e patrocinador do Kids Day Brazilian Press h\u00e1 mais de 10 anos Paulo Matos que comemorou mais um ano de vida com muita alegria. Parab\u00e9ns e muitas felicidade! Agora chegou aquela esta\u00e7\u00e3o do ano que deixa todo mundo maluco Taxas, ainda bem que nossa amiga Clara Santos est\u00e1 sempre com um belo sorriso a nos esperar. Aqui a fam\u00edlia tem que ser super her\u00f3is mesmo!!! O incr\u00edvel Daniel e o irm\u00e3o Gabriel j\u00e1 est\u00e3o super lidnos!!! Parab\u00e9ns aos papais Andr\u00e9 e Juliana Abrah\u00e3o.Foto Incentivar os filhos ao esporte ser\u00e1 sempre um \u00f3timo investimento, parab\u00e9ns aos [&hellip;]<\/p>\n","protected":false},"author":1,"featured_media":42808,"comment_status":"open","ping_status":"open","sticky":false,"template":"","format":"standard","meta":{"_links_to":"","_links_to_target":""},"categories":[3,1,6],"tags":[],"views":4346,"_links":{"self":[{"href":"https:\/\/www.brazilianpress.com\/v1\/wp-json\/wp\/v2\/posts\/42814"}],"collection":[{"href":"https:\/\/www.brazilianpress.com\/v1\/wp-json\/wp\/v2\/posts"}],"about":[{"href":"https:\/\/www.brazilianpress.com\/v1\/wp-json\/wp\/v2\/types\/post"}],"author":[{"embeddable":true,"href":"https:\/\/www.brazilianpress.com\/v1\/wp-json\/wp\/v2\/users\/1"}],"replies":[{"embeddable":true,"href":"https:\/\/www.brazilianpress.com\/v1\/wp-json\/wp\/v2\/comments?post=42814"}],"version-history":[{"count":1,"href":"https:\/\/www.brazilianpress.com\/v1\/wp-json\/wp\/v2\/posts\/42814\/revisions"}],"predecessor-version":[{"id":42815,"href":"https:\/\/www.brazilianpress.com\/v1\/wp-json\/wp\/v2\/posts\/42814\/revisions\/42815"}],"wp:featuredmedia":[{"embeddable":true,"href":"https:\/\/www.brazilianpress.com\/v1\/wp-json\/wp\/v2\/media\/42808"}],"wp:attachment":[{"href":"https:\/\/www.brazilianpress.com\/v1\/wp-json\/wp\/v2\/media?parent=42814"}],"wp:term":[{"taxonomy":"category","embeddable":true,"href":"https:\/\/www.brazilianpress.com\/v1\/wp-json\/wp\/v2\/categories?post=42814"},{"taxonomy":"post_tag","embeddable":true,"href":"https:\/\/www.brazilianpress.com\/v1\/wp-json\/wp\/v2\/tags?post=42814"}],"curies":[{"name":"wp","href":"https:\/\/api.w.org\/{rel}","templated":true}]}}