{"id":42832,"date":"2020-01-23T14:44:57","date_gmt":"2020-01-23T18:44:57","guid":{"rendered":"http:\/\/www.brazilianpress.com\/v1\/?p=42832"},"modified":"2020-01-23T14:44:57","modified_gmt":"2020-01-23T18:44:57","slug":"alerta-ice-teria-retomado-as-prisoes-no-bronx-e-no-brooklyn-disfarcados-de-policiais","status":"publish","type":"post","link":"https:\/\/www.brazilianpress.com\/v1\/2020\/01\/23\/alerta-ice-teria-retomado-as-prisoes-no-bronx-e-no-brooklyn-disfarcados-de-policiais\/","title":{"rendered":"Alerta: ICE teria retomado as pris\u00f5es no Bronx e no Brooklyn disfar\u00e7ados de policiais"},"content":{"rendered":"<p>Advogados de imigrantes alertaram na segunda-feira sobre as opera\u00e7\u00f5es realizadas pela ICE no Bronx e no Brooklyn no fim de semana.\u00a0Pelo menos sete imigrantes sem documentos foram presos por agentes de imigra\u00e7\u00e3o que fingiam ser policiais, segundo ativistas.<\/p>\n<p>Os defensores denunciam que os agentes estavam se passando por policiais da pol\u00edcia de New York para fazer as pris\u00f5es no fim de semana.<\/p>\n<p>Um grupo de manifestantes se apresentou na frente da casa de uma fam\u00edlia mexicana que foi alvo dos agentes.<\/p>\n<p>&#8220;Quero que meu pai chegue rapidamente, para termos uma fam\u00edlia completa&#8221;, disse o pequeno Christopher Vald\u00e9s, filho de Javier Rodr\u00edguez, pai de origem mexicana detido por agentes de imigra\u00e7\u00e3o na Willys Street.<\/p>\n<p>O garoto gritou pedindo a volta do pai antes de completar sete anos, em 5 de fevereiro.\u00a0Sua m\u00e3e, Mariela Valdez, denunciou que os federais invadiram sua casa e se identificaram como policiais da pol\u00edcia de New York.<\/p>\n<p>\u201cEles chegaram dizendo que eram policiais e n\u00e3o eram.\u00a0Eles disseram para abrir porque procuravam pessoas (&#8230;) mostrando uma foto, quase quebraram a porta.\u00a0Ele abriu e foi preso \u201d, disse Mariela, segurando fotografias nas quais agentes se pode verificar que se trata de agentes do ICE.<\/p>\n<p>O reverendo Juan Carlos Ruiz disse que recebeu relatos de pris\u00f5es desde quarta-feira.<\/p>\n<p>&#8220;Javier nos disse que com ele, no centro de deten\u00e7\u00e3o, j\u00e1 existem sete pessoas, daqui de New York, que foram enganadas pela imigra\u00e7\u00e3o, dizendo que s\u00e3o da pol\u00edcia&#8221;, disse ele.<\/p>\n<p>A ag\u00eancia federal disse em comunicado que seus agentes podem ser identificados como policiais ou agentes de imigra\u00e7\u00e3o, mas n\u00e3o como pol\u00edcia local.<\/p>\n<p>Os ativistas recomendaram n\u00e3o abrir a porta em caso de uma opera\u00e7\u00e3o surpresa.<\/p>\n<p>\u201cE verificar se a ordem \u00e9 de um juiz.\u00a0Se virem que \u00e9 apenas uma pessoa, n\u00e3o abra a porta (&#8230;) seja da pol\u00edcia ou do ICE, espere por um advogado\u201d, disse o padre Fabian Arias.<\/p>\n<p>Os defensores informaram que deixar\u00e3o avisos em cruzamentos em frente \u00e0s casas onde foram realizadas pris\u00f5es, como parte de uma campanha para denunciar a separa\u00e7\u00e3o de fam\u00edlias.<\/p>\n","protected":false},"excerpt":{"rendered":"<p>Advogados de imigrantes alertaram na segunda-feira sobre as opera\u00e7\u00f5es realizadas pela ICE no Bronx e no Brooklyn no fim de semana.\u00a0Pelo menos sete imigrantes sem documentos foram presos por agentes de imigra\u00e7\u00e3o que fingiam ser policiais, segundo ativistas. Os defensores denunciam que os agentes estavam se passando por policiais da pol\u00edcia de New York para fazer as pris\u00f5es no fim de semana. Um grupo de manifestantes se apresentou na frente da casa de uma fam\u00edlia mexicana que foi alvo dos agentes. &#8220;Quero que meu pai chegue rapidamente, para termos uma fam\u00edlia completa&#8221;, disse o pequeno Christopher Vald\u00e9s, filho de Javier [&hellip;]<\/p>\n","protected":false},"author":1,"featured_media":42833,"comment_status":"open","ping_status":"open","sticky":false,"template":"","format":"standard","meta":{"_links_to":"","_links_to_target":""},"categories":[3,1,10],"tags":[],"views":2421,"_links":{"self":[{"href":"https:\/\/www.brazilianpress.com\/v1\/wp-json\/wp\/v2\/posts\/42832"}],"collection":[{"href":"https:\/\/www.brazilianpress.com\/v1\/wp-json\/wp\/v2\/posts"}],"about":[{"href":"https:\/\/www.brazilianpress.com\/v1\/wp-json\/wp\/v2\/types\/post"}],"author":[{"embeddable":true,"href":"https:\/\/www.brazilianpress.com\/v1\/wp-json\/wp\/v2\/users\/1"}],"replies":[{"embeddable":true,"href":"https:\/\/www.brazilianpress.com\/v1\/wp-json\/wp\/v2\/comments?post=42832"}],"version-history":[{"count":1,"href":"https:\/\/www.brazilianpress.com\/v1\/wp-json\/wp\/v2\/posts\/42832\/revisions"}],"predecessor-version":[{"id":42834,"href":"https:\/\/www.brazilianpress.com\/v1\/wp-json\/wp\/v2\/posts\/42832\/revisions\/42834"}],"wp:featuredmedia":[{"embeddable":true,"href":"https:\/\/www.brazilianpress.com\/v1\/wp-json\/wp\/v2\/media\/42833"}],"wp:attachment":[{"href":"https:\/\/www.brazilianpress.com\/v1\/wp-json\/wp\/v2\/media?parent=42832"}],"wp:term":[{"taxonomy":"category","embeddable":true,"href":"https:\/\/www.brazilianpress.com\/v1\/wp-json\/wp\/v2\/categories?post=42832"},{"taxonomy":"post_tag","embeddable":true,"href":"https:\/\/www.brazilianpress.com\/v1\/wp-json\/wp\/v2\/tags?post=42832"}],"curies":[{"name":"wp","href":"https:\/\/api.w.org\/{rel}","templated":true}]}}