{"id":42835,"date":"2020-01-23T14:56:22","date_gmt":"2020-01-23T18:56:22","guid":{"rendered":"http:\/\/www.brazilianpress.com\/v1\/?p=42835"},"modified":"2020-01-23T14:56:22","modified_gmt":"2020-01-23T18:56:22","slug":"adolescente-acusado-de-assassinar-a-mae-em-toms-river-nj-sera-julgado-como-adulto","status":"publish","type":"post","link":"https:\/\/www.brazilianpress.com\/v1\/2020\/01\/23\/adolescente-acusado-de-assassinar-a-mae-em-toms-river-nj-sera-julgado-como-adulto\/","title":{"rendered":"Adolescente acusado de assassinar a m\u00e3e em Toms River, NJ, ser\u00e1 julgado como adulto"},"content":{"rendered":"<p>Um adolescente descendente de mexicanos, acusado de atacar e matar sua m\u00e3e no ver\u00e3o passado enquanto seu irm\u00e3o mais novo assistia, ser\u00e1 julgado como adulto, disseram os promotores quarta-feira.<\/p>\n<p>Edgar D\u00edaz, agora com 18 anos, \u00e9 acusado de assassinato, colocando em risco uma crian\u00e7a e crimes com armas pela morte de Margarita D\u00edaz, 44, de Manchester. A mulher, de origem mexicana, foi encontrada no estacionamento de um complexo de escrit\u00f3rios na Rota 37, na cidade de Toms River, NJ, em 7 de agosto, e depois morreu em um hospital.<\/p>\n<p>Edgar Diaz atacou a m\u00e3e com uma faca e bateu a cabe\u00e7a na cal\u00e7ada do lado de fora do carro estacionado, segundo o Minist\u00e9rio P\u00fablico do Condado de Ocean.\u00a0Ele tinha 17 anos quando o ataque ocorreu e foi preso v\u00e1rios dias depois. D\u00edaz concordou voluntariamente na ter\u00e7a-feira que seu caso seja julgado em um tribunal adulto, disseram os promotores.\u00a0Na quarta-feira, n\u00e3o se sabia se ele havia contratado um advogado. O irm\u00e3o mais novo de Diaz n\u00e3o foi ferido no ataque. Margarida Diaz, m\u00e3e de dois filhos, de 14 e 7 anos, trabalhou como faxineira no complexo de consult\u00f3rios m\u00e9dicos do Deer Chase Professional Park, na 154 Highway 37 West.<\/p>\n","protected":false},"excerpt":{"rendered":"<p>Um adolescente descendente de mexicanos, acusado de atacar e matar sua m\u00e3e no ver\u00e3o passado enquanto seu irm\u00e3o mais novo assistia, ser\u00e1 julgado como adulto, disseram os promotores quarta-feira. Edgar D\u00edaz, agora com 18 anos, \u00e9 acusado de assassinato, colocando em risco uma crian\u00e7a e crimes com armas pela morte de Margarita D\u00edaz, 44, de Manchester. A mulher, de origem mexicana, foi encontrada no estacionamento de um complexo de escrit\u00f3rios na Rota 37, na cidade de Toms River, NJ, em 7 de agosto, e depois morreu em um hospital. Edgar Diaz atacou a m\u00e3e com uma faca e bateu a [&hellip;]<\/p>\n","protected":false},"author":1,"featured_media":20091,"comment_status":"open","ping_status":"open","sticky":false,"template":"","format":"standard","meta":{"_links_to":"","_links_to_target":""},"categories":[4,3,1],"tags":[],"views":1416,"_links":{"self":[{"href":"https:\/\/www.brazilianpress.com\/v1\/wp-json\/wp\/v2\/posts\/42835"}],"collection":[{"href":"https:\/\/www.brazilianpress.com\/v1\/wp-json\/wp\/v2\/posts"}],"about":[{"href":"https:\/\/www.brazilianpress.com\/v1\/wp-json\/wp\/v2\/types\/post"}],"author":[{"embeddable":true,"href":"https:\/\/www.brazilianpress.com\/v1\/wp-json\/wp\/v2\/users\/1"}],"replies":[{"embeddable":true,"href":"https:\/\/www.brazilianpress.com\/v1\/wp-json\/wp\/v2\/comments?post=42835"}],"version-history":[{"count":1,"href":"https:\/\/www.brazilianpress.com\/v1\/wp-json\/wp\/v2\/posts\/42835\/revisions"}],"predecessor-version":[{"id":42836,"href":"https:\/\/www.brazilianpress.com\/v1\/wp-json\/wp\/v2\/posts\/42835\/revisions\/42836"}],"wp:featuredmedia":[{"embeddable":true,"href":"https:\/\/www.brazilianpress.com\/v1\/wp-json\/wp\/v2\/media\/20091"}],"wp:attachment":[{"href":"https:\/\/www.brazilianpress.com\/v1\/wp-json\/wp\/v2\/media?parent=42835"}],"wp:term":[{"taxonomy":"category","embeddable":true,"href":"https:\/\/www.brazilianpress.com\/v1\/wp-json\/wp\/v2\/categories?post=42835"},{"taxonomy":"post_tag","embeddable":true,"href":"https:\/\/www.brazilianpress.com\/v1\/wp-json\/wp\/v2\/tags?post=42835"}],"curies":[{"name":"wp","href":"https:\/\/api.w.org\/{rel}","templated":true}]}}