{"id":42837,"date":"2020-01-23T15:47:08","date_gmt":"2020-01-23T19:47:08","guid":{"rendered":"http:\/\/www.brazilianpress.com\/v1\/?p=42837"},"modified":"2020-01-23T15:47:08","modified_gmt":"2020-01-23T19:47:08","slug":"detectado-o-primeiro-caso-de-contaminacao-por-coronavirus-em-seattle-estado-de-washington","status":"publish","type":"post","link":"https:\/\/www.brazilianpress.com\/v1\/2020\/01\/23\/detectado-o-primeiro-caso-de-contaminacao-por-coronavirus-em-seattle-estado-de-washington\/","title":{"rendered":"Detectado o primeiro caso de contamina\u00e7\u00e3o por coronav\u00edrus em Seattle, estado de Washington"},"content":{"rendered":"<p>Um cidad\u00e3o norte-americano que retornou recentemente da China foi diagnosticado com o novo v\u00edrus procedente do pa\u00eds asi\u00e1tico e que obrigou a tomada de medidas de sa\u00fade em v\u00e1rios pa\u00edses.<\/p>\n<p>O homem retornou \u00e0 \u00e1rea de Seattle, em Washington, no meio da semana passada, depois de viajar para a \u00e1rea de Wuhan, onde o surto come\u00e7ou.\u00a0O indiv\u00edduo tem cerca de 30 anos e est\u00e1 em boas condi\u00e7\u00f5es no hospital de Everett, nos arredores de Seattle.<\/p>\n<p>O pa\u00eds \u00e9 o quinto pa\u00eds a relatar casos da doen\u00e7a, depois da China, Tail\u00e2ndia, Jap\u00e3o e Coreia do Sul.<\/p>\n<p>No final da semana passada, as autoridades de sa\u00fade j\u00e1 haviam come\u00e7ado a verificar passageiros provenientes da China nos tr\u00eas principais aeroportos do pa\u00eds.\u00a0Funcion\u00e1rios sanit\u00e1rios de todo o mundo implementaram an\u00e1lises semelhantes nos aeroportos, na esperan\u00e7a de conter o v\u00edrus durante a esta\u00e7\u00e3o movimentada do feriado do Ano Novo Lunar chin\u00eas.<\/p>\n<p>No m\u00eas passado, os m\u00e9dicos come\u00e7aram a registrar um novo tipo de pneumonia viral, com sintomas como febre, tosse e falta de ar, em pessoas que passavam algum tempo no mercado de alimentos em Wuhan.\u00a0Mais de 275 casos do rec\u00e9m-identificado coronav\u00edrus foram confirmados na China, a maioria em Wuhan, segundo a Organiza\u00e7\u00e3o Mundial da Sa\u00fade.<\/p>\n<p>As autoridades disseram que provavelmente o novo v\u00edrus se disseminou de animais para humanos, mas nesta semana as autoridades chinesas conclu\u00edram que tamb\u00e9m pode se espalhar entre humanos.<\/p>\n<p>Ao anunciar as an\u00e1lises no aeroporto na semana passada, funcion\u00e1rios dos Centros de Controle e Preven\u00e7\u00e3o de Doen\u00e7as (CDC) disseram que o risco para os americanos era baixo, mas a doen\u00e7a provavelmente apareceria em algum momento por aqui.<\/p>\n","protected":false},"excerpt":{"rendered":"<p>Um cidad\u00e3o norte-americano que retornou recentemente da China foi diagnosticado com o novo v\u00edrus procedente do pa\u00eds asi\u00e1tico e que obrigou a tomada de medidas de sa\u00fade em v\u00e1rios pa\u00edses. O homem retornou \u00e0 \u00e1rea de Seattle, em Washington, no meio da semana passada, depois de viajar para a \u00e1rea de Wuhan, onde o surto come\u00e7ou.\u00a0O indiv\u00edduo tem cerca de 30 anos e est\u00e1 em boas condi\u00e7\u00f5es no hospital de Everett, nos arredores de Seattle. O pa\u00eds \u00e9 o quinto pa\u00eds a relatar casos da doen\u00e7a, depois da China, Tail\u00e2ndia, Jap\u00e3o e Coreia do Sul. No final da semana passada, [&hellip;]<\/p>\n","protected":false},"author":1,"featured_media":42838,"comment_status":"open","ping_status":"open","sticky":false,"template":"","format":"standard","meta":{"_links_to":"","_links_to_target":""},"categories":[3,1,10],"tags":[],"views":1921,"_links":{"self":[{"href":"https:\/\/www.brazilianpress.com\/v1\/wp-json\/wp\/v2\/posts\/42837"}],"collection":[{"href":"https:\/\/www.brazilianpress.com\/v1\/wp-json\/wp\/v2\/posts"}],"about":[{"href":"https:\/\/www.brazilianpress.com\/v1\/wp-json\/wp\/v2\/types\/post"}],"author":[{"embeddable":true,"href":"https:\/\/www.brazilianpress.com\/v1\/wp-json\/wp\/v2\/users\/1"}],"replies":[{"embeddable":true,"href":"https:\/\/www.brazilianpress.com\/v1\/wp-json\/wp\/v2\/comments?post=42837"}],"version-history":[{"count":1,"href":"https:\/\/www.brazilianpress.com\/v1\/wp-json\/wp\/v2\/posts\/42837\/revisions"}],"predecessor-version":[{"id":42839,"href":"https:\/\/www.brazilianpress.com\/v1\/wp-json\/wp\/v2\/posts\/42837\/revisions\/42839"}],"wp:featuredmedia":[{"embeddable":true,"href":"https:\/\/www.brazilianpress.com\/v1\/wp-json\/wp\/v2\/media\/42838"}],"wp:attachment":[{"href":"https:\/\/www.brazilianpress.com\/v1\/wp-json\/wp\/v2\/media?parent=42837"}],"wp:term":[{"taxonomy":"category","embeddable":true,"href":"https:\/\/www.brazilianpress.com\/v1\/wp-json\/wp\/v2\/categories?post=42837"},{"taxonomy":"post_tag","embeddable":true,"href":"https:\/\/www.brazilianpress.com\/v1\/wp-json\/wp\/v2\/tags?post=42837"}],"curies":[{"name":"wp","href":"https:\/\/api.w.org\/{rel}","templated":true}]}}