{"id":42844,"date":"2020-01-23T15:54:33","date_gmt":"2020-01-23T19:54:33","guid":{"rendered":"http:\/\/www.brazilianpress.com\/v1\/?p=42844"},"modified":"2020-01-23T15:54:33","modified_gmt":"2020-01-23T19:54:33","slug":"grupo-brazilian-press-entra-em-uma-nova-fase-com-contratacao-de-gestora-executiva","status":"publish","type":"post","link":"https:\/\/www.brazilianpress.com\/v1\/2020\/01\/23\/grupo-brazilian-press-entra-em-uma-nova-fase-com-contratacao-de-gestora-executiva\/","title":{"rendered":"Grupo Brazilian Press entra em uma nova fase com contrata\u00e7\u00e3o de Gestora Executiva"},"content":{"rendered":"<p>Dois mil e vinte chega trazendo novos projetos para o Grupo Brazilian Press. A nova d\u00e9cada inicia com reestrutura\u00e7\u00f5es que v\u00e3o desde a infraestrutura, marketing digital e lan\u00e7amentos de novas ferramentas de m\u00eddia e publicidade. \u00c9 o que Brisa Mendes, a nova contrata\u00e7\u00e3o, promete para este ano. Profissional a mais de 10 anos atuante no marketing e comunica\u00e7\u00e3o social, liderou negocia\u00e7\u00f5es de grande companhias e ag\u00eancias de publicidade no Brasil.<\/p>\n<p>\u201cMinha proposta \u00e9 alcan\u00e7ar a modernidade de maneira desruptiva, abrangendo todas as ferramentas poss\u00edveis para satisfezar o nosso leitor e anunciante. Estamos na era da urg\u00eancia, do imediatismo, da informa\u00e7\u00e3o din\u00e2mica e agora o Brazilian Press imerge nessa era com a credibilidade de 23 anos de mercado\u201d. Anuncia a nova gestora executiva.<\/p>\n<p>O fundador do Grupo,\u00a0 Silvio de Souza,\u00a0 junto ao seu s\u00f3cio da r\u00e1dio Brazilian Press Luciano Julusi, apostam que Newark est\u00e1 prestes conhecer um novo formato de comunica\u00e7\u00e3o e acreditam que a nova contrata\u00e7\u00e3o seja o passo incial para essa nova etapa. &#8220;Entendemos que tudo se moderniza e inova e 2020 \u00e9 o nosso momento.\u00a0 A Brisa vem pra somar for\u00e7as e trabalharmos sem medidas para realizarmos esse projeto. O que posso adiantar \u00e9 o que o c\u00e9u \u00e9 o limite para tudo que estar por vir\u201d. Pontuou Silvio sobre a nova fase e contrata\u00e7\u00e3o do grupo.<\/p>\n","protected":false},"excerpt":{"rendered":"<p>Dois mil e vinte chega trazendo novos projetos para o Grupo Brazilian Press. A nova d\u00e9cada inicia com reestrutura\u00e7\u00f5es que v\u00e3o desde a infraestrutura, marketing digital e lan\u00e7amentos de novas ferramentas de m\u00eddia e publicidade. \u00c9 o que Brisa Mendes, a nova contrata\u00e7\u00e3o, promete para este ano. Profissional a mais de 10 anos atuante no marketing e comunica\u00e7\u00e3o social, liderou negocia\u00e7\u00f5es de grande companhias e ag\u00eancias de publicidade no Brasil. \u201cMinha proposta \u00e9 alcan\u00e7ar a modernidade de maneira desruptiva, abrangendo todas as ferramentas poss\u00edveis para satisfezar o nosso leitor e anunciante. Estamos na era da urg\u00eancia, do imediatismo, da informa\u00e7\u00e3o [&hellip;]<\/p>\n","protected":false},"author":1,"featured_media":42845,"comment_status":"open","ping_status":"open","sticky":false,"template":"","format":"standard","meta":{"_links_to":"","_links_to_target":""},"categories":[4,3,1],"tags":[],"views":2196,"_links":{"self":[{"href":"https:\/\/www.brazilianpress.com\/v1\/wp-json\/wp\/v2\/posts\/42844"}],"collection":[{"href":"https:\/\/www.brazilianpress.com\/v1\/wp-json\/wp\/v2\/posts"}],"about":[{"href":"https:\/\/www.brazilianpress.com\/v1\/wp-json\/wp\/v2\/types\/post"}],"author":[{"embeddable":true,"href":"https:\/\/www.brazilianpress.com\/v1\/wp-json\/wp\/v2\/users\/1"}],"replies":[{"embeddable":true,"href":"https:\/\/www.brazilianpress.com\/v1\/wp-json\/wp\/v2\/comments?post=42844"}],"version-history":[{"count":1,"href":"https:\/\/www.brazilianpress.com\/v1\/wp-json\/wp\/v2\/posts\/42844\/revisions"}],"predecessor-version":[{"id":42846,"href":"https:\/\/www.brazilianpress.com\/v1\/wp-json\/wp\/v2\/posts\/42844\/revisions\/42846"}],"wp:featuredmedia":[{"embeddable":true,"href":"https:\/\/www.brazilianpress.com\/v1\/wp-json\/wp\/v2\/media\/42845"}],"wp:attachment":[{"href":"https:\/\/www.brazilianpress.com\/v1\/wp-json\/wp\/v2\/media?parent=42844"}],"wp:term":[{"taxonomy":"category","embeddable":true,"href":"https:\/\/www.brazilianpress.com\/v1\/wp-json\/wp\/v2\/categories?post=42844"},{"taxonomy":"post_tag","embeddable":true,"href":"https:\/\/www.brazilianpress.com\/v1\/wp-json\/wp\/v2\/tags?post=42844"}],"curies":[{"name":"wp","href":"https:\/\/api.w.org\/{rel}","templated":true}]}}