{"id":42847,"date":"2020-01-23T21:00:14","date_gmt":"2020-01-24T01:00:14","guid":{"rendered":"http:\/\/www.brazilianpress.com\/v1\/?p=42847"},"modified":"2020-01-23T21:00:14","modified_gmt":"2020-01-24T01:00:14","slug":"ainda-sem-definicao-sobre-futuro-no-flamengo-gabigol-tatua-perola-de-bruno-henrique-oto-patama","status":"publish","type":"post","link":"https:\/\/www.brazilianpress.com\/v1\/2020\/01\/23\/ainda-sem-definicao-sobre-futuro-no-flamengo-gabigol-tatua-perola-de-bruno-henrique-oto-patama\/","title":{"rendered":"Ainda sem defini\u00e7\u00e3o sobre futuro no Flamengo, Gabigol tatua p\u00e9rola de Bruno Henrique: &#8220;Oto patam\u00e1&#8221;"},"content":{"rendered":"<p>Em negocia\u00e7\u00e3o avan\u00e7ada para permanecer no Flamengo, o atacante Gabigol encheu os rubro-negros de esperan\u00e7a ao tatuar em sua pele a &#8220;frase&#8221;\u00a0&#8220;Oto patam\u00e1&#8221;. Trata-se de refer\u00eancia ao meme que nasceu a partir de uma declara\u00e7\u00e3o dada por Bruno Henrique ap\u00f3s o empate por 4 a 4 com o Vasco no \u00faltimo Brasileiro.<\/p>\n<p>Na oportunidade, Bruno, que marcou dois gols no jogo, reclamou da postura vasca\u00edna no cl\u00e1ssico e afirmou que, apesar das provoca\u00e7\u00f5es dos rivais, o Rubro-Negro estava em &#8220;outro patamar&#8221;. Em entrevistas recentes, o vice de futebol do Flamengo, Marcos Braz mostrou otimismo em rela\u00e7\u00e3o ao acerto com Gabriel.<\/p>\n<p>&#8211; Tivemos uma reuni\u00e3o muito boa ontem. Avan\u00e7amos. Eu acredito que at\u00e9 a pr\u00f3xima semana queremos o final. Espero que seja um final feliz &#8211; afirmou Braz no \u00faltimo dia 13. Vale destacar que o meme &#8220;oto patam\u00e1&#8221; foi criado ap\u00f3s um Flamengo x Vasco, cl\u00e1ssico que volta a ser disputado nesta quarta-feira, \u00e0s 21h, pelo Campeonato Carioca. Os dois rivais levar\u00e3o equipes repletas de jovens a campo.<\/p>\n","protected":false},"excerpt":{"rendered":"<p>Em negocia\u00e7\u00e3o avan\u00e7ada para permanecer no Flamengo, o atacante Gabigol encheu os rubro-negros de esperan\u00e7a ao tatuar em sua pele a &#8220;frase&#8221;\u00a0&#8220;Oto patam\u00e1&#8221;. Trata-se de refer\u00eancia ao meme que nasceu a partir de uma declara\u00e7\u00e3o dada por Bruno Henrique ap\u00f3s o empate por 4 a 4 com o Vasco no \u00faltimo Brasileiro. Na oportunidade, Bruno, que marcou dois gols no jogo, reclamou da postura vasca\u00edna no cl\u00e1ssico e afirmou que, apesar das provoca\u00e7\u00f5es dos rivais, o Rubro-Negro estava em &#8220;outro patamar&#8221;. Em entrevistas recentes, o vice de futebol do Flamengo, Marcos Braz mostrou otimismo em rela\u00e7\u00e3o ao acerto com Gabriel. [&hellip;]<\/p>\n","protected":false},"author":1,"featured_media":40538,"comment_status":"open","ping_status":"open","sticky":false,"template":"","format":"standard","meta":{"_links_to":"","_links_to_target":""},"categories":[9,1],"tags":[],"views":1592,"_links":{"self":[{"href":"https:\/\/www.brazilianpress.com\/v1\/wp-json\/wp\/v2\/posts\/42847"}],"collection":[{"href":"https:\/\/www.brazilianpress.com\/v1\/wp-json\/wp\/v2\/posts"}],"about":[{"href":"https:\/\/www.brazilianpress.com\/v1\/wp-json\/wp\/v2\/types\/post"}],"author":[{"embeddable":true,"href":"https:\/\/www.brazilianpress.com\/v1\/wp-json\/wp\/v2\/users\/1"}],"replies":[{"embeddable":true,"href":"https:\/\/www.brazilianpress.com\/v1\/wp-json\/wp\/v2\/comments?post=42847"}],"version-history":[{"count":1,"href":"https:\/\/www.brazilianpress.com\/v1\/wp-json\/wp\/v2\/posts\/42847\/revisions"}],"predecessor-version":[{"id":42848,"href":"https:\/\/www.brazilianpress.com\/v1\/wp-json\/wp\/v2\/posts\/42847\/revisions\/42848"}],"wp:featuredmedia":[{"embeddable":true,"href":"https:\/\/www.brazilianpress.com\/v1\/wp-json\/wp\/v2\/media\/40538"}],"wp:attachment":[{"href":"https:\/\/www.brazilianpress.com\/v1\/wp-json\/wp\/v2\/media?parent=42847"}],"wp:term":[{"taxonomy":"category","embeddable":true,"href":"https:\/\/www.brazilianpress.com\/v1\/wp-json\/wp\/v2\/categories?post=42847"},{"taxonomy":"post_tag","embeddable":true,"href":"https:\/\/www.brazilianpress.com\/v1\/wp-json\/wp\/v2\/tags?post=42847"}],"curies":[{"name":"wp","href":"https:\/\/api.w.org\/{rel}","templated":true}]}}