{"id":42849,"date":"2020-01-23T21:03:30","date_gmt":"2020-01-24T01:03:30","guid":{"rendered":"http:\/\/www.brazilianpress.com\/v1\/?p=42849"},"modified":"2020-01-23T21:03:30","modified_gmt":"2020-01-24T01:03:30","slug":"atletico-mg-inscreve-dylan-borrero-no-bid-mas-jogador-corre-risco-de-so-estrear-em-fevereiro","status":"publish","type":"post","link":"https:\/\/www.brazilianpress.com\/v1\/2020\/01\/23\/atletico-mg-inscreve-dylan-borrero-no-bid-mas-jogador-corre-risco-de-so-estrear-em-fevereiro\/","title":{"rendered":"Atl\u00e9tico-MG inscreve Dylan Borrero no BID, mas jogador corre risco de s\u00f3 estrear em fevereiro"},"content":{"rendered":"<p>O meia-atacante Dylan Borrero est\u00e1 com a delega\u00e7\u00e3o do Atl\u00e9tico-MG em Uberl\u00e2ndia para a estreia do clube na temporada 2020. Entretanto, o colombiano n\u00e3o poder\u00e1 participar da partida da primeira rodada do Campeonato Mineiro. Na verdade, o atleta de 18 anos tem dois jogos de suspens\u00e3o a cumprir, decorrentes de uma expuls\u00e3o ainda na Col\u00f4mbia (pelo time sub-20 do Santa Fe) e s\u00f3 se livrar\u00e1 da pena na quarta rodada do Mineiro, quando o Galo recebe o Tombense, no dia 2 de fevereiro.<\/p>\n<p>O\u00a0GloboEsporte.com\u00a0entrou em contato com a Federa\u00e7\u00e3o Mineira de Futebol. O diretor de competi\u00e7\u00f5es da entidade, Leonardo Barbosa, explicou que Dylan Borrero, assim como todos os jogadores no Mineiro 2020, s\u00f3 tem condi\u00e7\u00f5es de atuar em uma partida se seu nome estiver no BID at\u00e9 o dia \u00fatil anterior \u00e0 data do jogo. No caso de Borrero, a inscri\u00e7\u00e3o no BID &#8211; que ocorreu no dia da partida &#8211; teria de ter sido 24 horas antes.<\/p>\n<p>Barbosa ainda informou que a FMF recebeu um of\u00edcio avisando que Borrero chega ao Brasil precisando cumprir dois jogos de suspens\u00e3o, de acordo com a Federa\u00e7\u00e3o Colombiana. Em contato com o departamento jur\u00eddico do Atl\u00e9tico, este informou que o clube ainda estuda a situa\u00e7\u00e3o para saber qual seria a competi\u00e7\u00e3o correta para Borrero cumprir a pena. O Galo espera uma informa\u00e7\u00e3o mais clara da Federa\u00e7\u00e3o Colombiana, via CBF.<\/p>\n<p>At\u00e9 o momento, entretanto, no entendimento da FMF, Borrero s\u00f3 ter\u00e1 condi\u00e7\u00f5es de atuar em fevereiro. Isso porque o confronto contra o Uberl\u00e2ndia n\u00e3o contar\u00e1 para o pagamento da san\u00e7\u00e3o de dois jogos para o colombiano, j\u00e1 que ele n\u00e3o foi inscrito no BID a tempo para ser eleg\u00edvel para esta partida. Portanto, Borrero dever\u00e1 desfalcar o Galo contra o Tupynamb\u00e1s, no pr\u00f3ximo domingo, e diante do Coimbra, no dia 29, quarta-feira. Se Borrero \u00e9 desfalque neste come\u00e7o de temporada, o t\u00e9cnico Rafael Dudamel poder\u00e1 usar os outros tr\u00eas refor\u00e7os de 2020 na estreia &#8211; Allan, Ma\u00edlton e Hyoran est\u00e3o relacionados e com condi\u00e7\u00f5es de entrar em campo.<\/p>\n","protected":false},"excerpt":{"rendered":"<p>O meia-atacante Dylan Borrero est\u00e1 com a delega\u00e7\u00e3o do Atl\u00e9tico-MG em Uberl\u00e2ndia para a estreia do clube na temporada 2020. Entretanto, o colombiano n\u00e3o poder\u00e1 participar da partida da primeira rodada do Campeonato Mineiro. Na verdade, o atleta de 18 anos tem dois jogos de suspens\u00e3o a cumprir, decorrentes de uma expuls\u00e3o ainda na Col\u00f4mbia (pelo time sub-20 do Santa Fe) e s\u00f3 se livrar\u00e1 da pena na quarta rodada do Mineiro, quando o Galo recebe o Tombense, no dia 2 de fevereiro. O\u00a0GloboEsporte.com\u00a0entrou em contato com a Federa\u00e7\u00e3o Mineira de Futebol. O diretor de competi\u00e7\u00f5es da entidade, Leonardo Barbosa, [&hellip;]<\/p>\n","protected":false},"author":1,"featured_media":42850,"comment_status":"open","ping_status":"open","sticky":false,"template":"","format":"standard","meta":{"_links_to":"","_links_to_target":""},"categories":[9,1],"tags":[],"views":1528,"_links":{"self":[{"href":"https:\/\/www.brazilianpress.com\/v1\/wp-json\/wp\/v2\/posts\/42849"}],"collection":[{"href":"https:\/\/www.brazilianpress.com\/v1\/wp-json\/wp\/v2\/posts"}],"about":[{"href":"https:\/\/www.brazilianpress.com\/v1\/wp-json\/wp\/v2\/types\/post"}],"author":[{"embeddable":true,"href":"https:\/\/www.brazilianpress.com\/v1\/wp-json\/wp\/v2\/users\/1"}],"replies":[{"embeddable":true,"href":"https:\/\/www.brazilianpress.com\/v1\/wp-json\/wp\/v2\/comments?post=42849"}],"version-history":[{"count":1,"href":"https:\/\/www.brazilianpress.com\/v1\/wp-json\/wp\/v2\/posts\/42849\/revisions"}],"predecessor-version":[{"id":42851,"href":"https:\/\/www.brazilianpress.com\/v1\/wp-json\/wp\/v2\/posts\/42849\/revisions\/42851"}],"wp:featuredmedia":[{"embeddable":true,"href":"https:\/\/www.brazilianpress.com\/v1\/wp-json\/wp\/v2\/media\/42850"}],"wp:attachment":[{"href":"https:\/\/www.brazilianpress.com\/v1\/wp-json\/wp\/v2\/media?parent=42849"}],"wp:term":[{"taxonomy":"category","embeddable":true,"href":"https:\/\/www.brazilianpress.com\/v1\/wp-json\/wp\/v2\/categories?post=42849"},{"taxonomy":"post_tag","embeddable":true,"href":"https:\/\/www.brazilianpress.com\/v1\/wp-json\/wp\/v2\/tags?post=42849"}],"curies":[{"name":"wp","href":"https:\/\/api.w.org\/{rel}","templated":true}]}}