{"id":42853,"date":"2020-01-23T21:05:16","date_gmt":"2020-01-24T01:05:16","guid":{"rendered":"http:\/\/www.brazilianpress.com\/v1\/?p=42853"},"modified":"2020-01-23T21:05:16","modified_gmt":"2020-01-24T01:05:16","slug":"cruzeiro-e-ederson-nao-chegam-a-acordo-e-situacao-do-volante-sera-decidida-na-justica","status":"publish","type":"post","link":"https:\/\/www.brazilianpress.com\/v1\/2020\/01\/23\/cruzeiro-e-ederson-nao-chegam-a-acordo-e-situacao-do-volante-sera-decidida-na-justica\/","title":{"rendered":"Cruzeiro e \u00c9derson n\u00e3o chegam a acordo, e situa\u00e7\u00e3o do volante ser\u00e1 decidida na Justi\u00e7a"},"content":{"rendered":"<p>Integrantes da diretoria do Cruzeiro se reuniram com representantes do volante \u00c9derson na tarde desta ter\u00e7a-feira, na Toca da Raposa, mas as partes n\u00e3o chegaram a um acordo sobre as d\u00edvidas que o clube tem com o jogador. A situa\u00e7\u00e3o dele ser\u00e1 decidida na Justi\u00e7a.<\/p>\n<p>\u00c9derson move uma a\u00e7\u00e3o trabalhista contra o Cruzeiro desde o in\u00edcio deste m\u00eas cobrando o pagamento de mais de R$ 2 milh\u00f5es \u2013 referentes a pagamentos atrasados \u2013 e pedindo a rescis\u00e3o indireta do contrato v\u00e1lido at\u00e9 julho de 2023.<\/p>\n<p>A reuni\u00e3o desta ter\u00e7a foi a segunda entre as partes na busca por um acordo e por evitar a continuidade da a\u00e7\u00e3o. A outra foi uma tentativa de concilia\u00e7\u00e3o judicial, que n\u00e3o ocorreu.<\/p>\n<p>Segundo apurou o\u00a0GloboEsporte.com, os agentes do jogador apresentaram uma proposta do Bahia pelo jogador, como parte do acordo. A proposta n\u00e3o colocaria fim \u00e0 a\u00e7\u00e3o de \u00c9derson contra o clube, o que n\u00e3o agradou ao Cruzeiro.<\/p>\n<p><strong>R\u00f4mulo distante<\/strong><\/p>\n<p>Um dos agentes de \u00c9derson tamb\u00e9m trabalha com R\u00f4mulo, volante de 19 anos que pertence ao Desportivo Brasil-SP e atuou no sub-20 da Raposa por empr\u00e9stimo no ano passado. A volta do jogador foi discutida no encontro desta ter\u00e7a-feira, mas, no momento, est\u00e1 bem distante.<\/p>\n<p>Os valores apresentados pelo agente de R\u00f4mulo est\u00e3o sendo analisados pelo clube celeste &#8211; inclusive com aux\u00edlio do departamento de an\u00e1lise de desempenho -, mas a avalia\u00e7\u00e3o no momento \u00e9 de que h\u00e1 pe\u00e7as parecidas no atual grupo celeste, o que n\u00e3o faz valer o investimento no atleta do clube paulista.<\/p>\n<p>Todos os quatro volantes relacionados por Adilson Batista para a estreia no Mineiro, nesta quarta-feira, contra o Boa Esporte, s\u00e3o jovens, assim como R\u00f4mulo, e n\u00e3o demandam investimento do clube: Adriano, Guilherme Liberato, Pedro Bicalho e Jadsom. Os tr\u00eas \u00faltimos, inclusive, disputaram a Copinha deste ano pela Raposa.<\/p>\n","protected":false},"excerpt":{"rendered":"<p>Integrantes da diretoria do Cruzeiro se reuniram com representantes do volante \u00c9derson na tarde desta ter\u00e7a-feira, na Toca da Raposa, mas as partes n\u00e3o chegaram a um acordo sobre as d\u00edvidas que o clube tem com o jogador. A situa\u00e7\u00e3o dele ser\u00e1 decidida na Justi\u00e7a. \u00c9derson move uma a\u00e7\u00e3o trabalhista contra o Cruzeiro desde o in\u00edcio deste m\u00eas cobrando o pagamento de mais de R$ 2 milh\u00f5es \u2013 referentes a pagamentos atrasados \u2013 e pedindo a rescis\u00e3o indireta do contrato v\u00e1lido at\u00e9 julho de 2023. A reuni\u00e3o desta ter\u00e7a foi a segunda entre as partes na busca por um acordo [&hellip;]<\/p>\n","protected":false},"author":1,"featured_media":42854,"comment_status":"open","ping_status":"open","sticky":false,"template":"","format":"standard","meta":{"_links_to":"","_links_to_target":""},"categories":[9,1],"tags":[],"views":1370,"_links":{"self":[{"href":"https:\/\/www.brazilianpress.com\/v1\/wp-json\/wp\/v2\/posts\/42853"}],"collection":[{"href":"https:\/\/www.brazilianpress.com\/v1\/wp-json\/wp\/v2\/posts"}],"about":[{"href":"https:\/\/www.brazilianpress.com\/v1\/wp-json\/wp\/v2\/types\/post"}],"author":[{"embeddable":true,"href":"https:\/\/www.brazilianpress.com\/v1\/wp-json\/wp\/v2\/users\/1"}],"replies":[{"embeddable":true,"href":"https:\/\/www.brazilianpress.com\/v1\/wp-json\/wp\/v2\/comments?post=42853"}],"version-history":[{"count":1,"href":"https:\/\/www.brazilianpress.com\/v1\/wp-json\/wp\/v2\/posts\/42853\/revisions"}],"predecessor-version":[{"id":42855,"href":"https:\/\/www.brazilianpress.com\/v1\/wp-json\/wp\/v2\/posts\/42853\/revisions\/42855"}],"wp:featuredmedia":[{"embeddable":true,"href":"https:\/\/www.brazilianpress.com\/v1\/wp-json\/wp\/v2\/media\/42854"}],"wp:attachment":[{"href":"https:\/\/www.brazilianpress.com\/v1\/wp-json\/wp\/v2\/media?parent=42853"}],"wp:term":[{"taxonomy":"category","embeddable":true,"href":"https:\/\/www.brazilianpress.com\/v1\/wp-json\/wp\/v2\/categories?post=42853"},{"taxonomy":"post_tag","embeddable":true,"href":"https:\/\/www.brazilianpress.com\/v1\/wp-json\/wp\/v2\/tags?post=42853"}],"curies":[{"name":"wp","href":"https:\/\/api.w.org\/{rel}","templated":true}]}}