{"id":42856,"date":"2020-01-23T21:08:00","date_gmt":"2020-01-24T01:08:00","guid":{"rendered":"http:\/\/www.brazilianpress.com\/v1\/?p=42856"},"modified":"2020-01-23T21:08:00","modified_gmt":"2020-01-24T01:08:00","slug":"mexico-oferece-4-000-empregos-para-imigrantes-de-caravanas-alem-de-abrigo","status":"publish","type":"post","link":"https:\/\/www.brazilianpress.com\/v1\/2020\/01\/23\/mexico-oferece-4-000-empregos-para-imigrantes-de-caravanas-alem-de-abrigo\/","title":{"rendered":"M\u00e9xico oferece 4.000 empregos para imigrantes de caravanas, al\u00e9m de abrigo"},"content":{"rendered":"<p>O presidente Andr\u00e9s Manuel L\u00f3pez Obrador anunciou sexta-feira que oferecer\u00e1 4.000 empregos na fronteira sul para imigrantes da Am\u00e9rica Central que cruzam a Guatemala por caravana e que, segundo se espera, chegar\u00e1 ao M\u00e9xico neste fim de semana.<\/p>\n<p>&#8220;Temos mais de 4.000 empregos na fronteira sul dispon\u00edveis. Tamb\u00e9m oferecemos abrigos e assist\u00eancia m\u00e9dica. Mas esse trabalho em nosso pa\u00eds tamb\u00e9m \u00e9 oferecido para os nossos cidad\u00e3os&#8221;, disse o presidente na confer\u00eancia da manh\u00e3 do Pal\u00e1cio Nacional.<\/p>\n<p>A Guatemala informou na quinta-feira a passagem de mais de 2.000 migrantes hondurenhos de uma nova caravana com destino aos Estados Unidos nos \u00faltimos dois dias por dois postos de fronteira.<\/p>\n<p><strong>M\u00e9xico<\/strong><\/p>\n<p>O executivo mexicano tem entre 2.500 e 3.000 pessoas de Honduras e El Salvador que &#8220;v\u00eam de caravana&#8221;, disse L\u00f3pez Obrador.<\/p>\n<p>&#8220;Alguns querem entrar por Tapachula (Chiapas) e outros por El Ceibo, Tenosique&#8221;, no estado de Tabasco, sudeste do pa\u00eds, disse o l\u00edder do Movimento Nacional de Regenera\u00e7\u00e3o.<\/p>\n<p>Com esse novo plano de oferecer trabalho aos migrantes, o Executivo mexicano procuraria restringir sua jornada aos Estados Unidos.<\/p>\n<p>O Minist\u00e9rio do Interior (Segob) emitiu um boletim na quinta-feira para informar que, em uma reuni\u00e3o entre minist\u00e9rios, foi estabelecida um local para fornecer aten\u00e7\u00e3o aos migrantes hondurenhos.<\/p>\n<p>Os centro-americanos, explicou o comunicado, j\u00e1 haviam come\u00e7ado sua chegada ao M\u00e9xico &#8220;por pontos de fronteira&#8221; no estado de Chiapas.<\/p>\n<p>&#8220;O Minist\u00e9rio do Interior reiterou na referida reuni\u00e3o o compromisso e a disposi\u00e7\u00e3o do Governo do M\u00e9xico de ajudar os migrantes, a fim de garantir que sua entrada em nosso territ\u00f3rio seja regular, ordenada, segura e de acordo com nossas leis e direito internacional &#8220;, dizia o texto.<\/p>\n<p>A reuni\u00e3o contou com a presen\u00e7a de altos funcion\u00e1rios do Interior, Rela\u00e7\u00f5es Exteriores, Defesa Nacional, Marinha e Seguran\u00e7a e Prote\u00e7\u00e3o do Cidad\u00e3o.<\/p>\n<p>Nos \u00faltimos dias, Olga S\u00e1nchez Cordero, chefe da Segob, disse \u00e0 imprensa que n\u00e3o ser\u00e3o concedidos vistos para os migrantes viajarem regularmente pelo pa\u00eds, mas ser\u00e3o tratados sempre que solicitarem asilo ou abrigo para permanecer no territ\u00f3rio.<\/p>\n<p>Essa nova caravana de migrantes pode comprometer as rela\u00e7\u00f5es entre a Am\u00e9rica Central e o M\u00e9xico com os Estados Unidos, que no momento parecem se posicionar publicamente sobre o assunto.<\/p>\n<p>N\u00e3o est\u00e1 descartado que nos pr\u00f3ximos dias pelo menos outra caravana saia de Honduras, como refletido nas redes sociais.<\/p>\n<p>Em outubro de 2018, milhares de migrantes, principalmente da Am\u00e9rica Central, come\u00e7aram a atravessar a caravana do M\u00e9xico para chegar aos Estados Unidos.<\/p>\n<p>No in\u00edcio de junho de 2019, e ap\u00f3s v\u00e1rias caravanas, os Estados Unidos e o M\u00e9xico chegaram a um acordo de imigra\u00e7\u00e3o que impedia o primeiro pa\u00eds de impor tarifas sobre todos os produtos a partir do segundo.<\/p>\n<p>Como resultado, o M\u00e9xico enviou a rec\u00e9m-criada Guarda Nacional para as fronteiras norte e sul, o que causou uma redu\u00e7\u00e3o de cerca de 70% do fluxo migrat\u00f3rio.<\/p>\n","protected":false},"excerpt":{"rendered":"<p>O presidente Andr\u00e9s Manuel L\u00f3pez Obrador anunciou sexta-feira que oferecer\u00e1 4.000 empregos na fronteira sul para imigrantes da Am\u00e9rica Central que cruzam a Guatemala por caravana e que, segundo se espera, chegar\u00e1 ao M\u00e9xico neste fim de semana. &#8220;Temos mais de 4.000 empregos na fronteira sul dispon\u00edveis. Tamb\u00e9m oferecemos abrigos e assist\u00eancia m\u00e9dica. Mas esse trabalho em nosso pa\u00eds tamb\u00e9m \u00e9 oferecido para os nossos cidad\u00e3os&#8221;, disse o presidente na confer\u00eancia da manh\u00e3 do Pal\u00e1cio Nacional. A Guatemala informou na quinta-feira a passagem de mais de 2.000 migrantes hondurenhos de uma nova caravana com destino aos Estados Unidos nos \u00faltimos [&hellip;]<\/p>\n","protected":false},"author":1,"featured_media":36548,"comment_status":"open","ping_status":"open","sticky":false,"template":"","format":"standard","meta":{"_links_to":"","_links_to_target":""},"categories":[8,1],"tags":[],"views":1855,"_links":{"self":[{"href":"https:\/\/www.brazilianpress.com\/v1\/wp-json\/wp\/v2\/posts\/42856"}],"collection":[{"href":"https:\/\/www.brazilianpress.com\/v1\/wp-json\/wp\/v2\/posts"}],"about":[{"href":"https:\/\/www.brazilianpress.com\/v1\/wp-json\/wp\/v2\/types\/post"}],"author":[{"embeddable":true,"href":"https:\/\/www.brazilianpress.com\/v1\/wp-json\/wp\/v2\/users\/1"}],"replies":[{"embeddable":true,"href":"https:\/\/www.brazilianpress.com\/v1\/wp-json\/wp\/v2\/comments?post=42856"}],"version-history":[{"count":1,"href":"https:\/\/www.brazilianpress.com\/v1\/wp-json\/wp\/v2\/posts\/42856\/revisions"}],"predecessor-version":[{"id":42857,"href":"https:\/\/www.brazilianpress.com\/v1\/wp-json\/wp\/v2\/posts\/42856\/revisions\/42857"}],"wp:featuredmedia":[{"embeddable":true,"href":"https:\/\/www.brazilianpress.com\/v1\/wp-json\/wp\/v2\/media\/36548"}],"wp:attachment":[{"href":"https:\/\/www.brazilianpress.com\/v1\/wp-json\/wp\/v2\/media?parent=42856"}],"wp:term":[{"taxonomy":"category","embeddable":true,"href":"https:\/\/www.brazilianpress.com\/v1\/wp-json\/wp\/v2\/categories?post=42856"},{"taxonomy":"post_tag","embeddable":true,"href":"https:\/\/www.brazilianpress.com\/v1\/wp-json\/wp\/v2\/tags?post=42856"}],"curies":[{"name":"wp","href":"https:\/\/api.w.org\/{rel}","templated":true}]}}