{"id":42858,"date":"2020-01-23T21:09:42","date_gmt":"2020-01-24T01:09:42","guid":{"rendered":"http:\/\/www.brazilianpress.com\/v1\/?p=42858"},"modified":"2020-01-23T21:09:42","modified_gmt":"2020-01-24T01:09:42","slug":"onu-denuncia-que-a-fronteira-eua-mexico-e-a-segunda-mais-perigosa-do-mundo","status":"publish","type":"post","link":"https:\/\/www.brazilianpress.com\/v1\/2020\/01\/23\/onu-denuncia-que-a-fronteira-eua-mexico-e-a-segunda-mais-perigosa-do-mundo\/","title":{"rendered":"ONU denuncia que a fronteira EUA-M\u00e9xico \u00e9 a segunda mais perigosa do mundo"},"content":{"rendered":"<p>A Organiza\u00e7\u00e3o Internacional de Migra\u00e7\u00e3o, \u00f3rg\u00e3o da ONU,\u00a0colocou a fronteira EUA-M\u00e9xico como a segunda fronteira mais perigosa do mundo.<\/p>\n<p>Com quase 500 imigrantes mortos, segundo a ONU em 2019, os n\u00fameros situam-se abaixo das mais de 1.000 mortes reivindicadas pelo Mar Mediterr\u00e2neo, nas quais migrantes da \u00c1sia e do Oriente M\u00e9dio navegam para a Europa fugindo das zonas de guerra.<\/p>\n<p>Dos 497 mortos, 290 seriam homens, 50 mulheres, 25 crian\u00e7as e dos 132 restantes n\u00e3o h\u00e1 informa\u00e7\u00f5es, segundo o mesmo relat\u00f3rio da Organiza\u00e7\u00e3o Internacional de Migrantes, que tamb\u00e9m indica que 128 das mortes seriam por afogamento e 51 por causa de afogamento, hipotermia e hipertermia, enfatizando claramente que a principal causa de morte seriam as melhores condi\u00e7\u00f5es naturais da terra pela qual os migrantes devem passar.\u00a0Migrantes que, de acordo com a organiza\u00e7\u00e3o, v\u00eam de cerca de 15 pa\u00edses, incluindo M\u00e9xico, Guatemala, Honduras, China, Ucr\u00e2nia, \u00cdndia e Haiti.<\/p>\n<p>No entanto, esses n\u00fameros podem n\u00e3o destacar a realidade absoluta, porque a mesma organiza\u00e7\u00e3o indica que muitos corpos n\u00e3o s\u00e3o encontrados e, segundo Rafael Hern\u00e1ndez, resgate volunt\u00e1rio de migrantes no deserto da organiza\u00e7\u00e3o \u201cAngeles del Desierto\u201d, as mortes que ocorrem em \u00e1reas espec\u00edficas como o territ\u00f3rio mexicano \u00e9 ainda mais dif\u00edcil de quantificar.<\/p>\n<p>\u201cEstamos possivelmente falando sobre estat\u00edsticas que foram feitas de pessoas que foram encontradas, mas n\u00e3o de pessoas que n\u00e3o foram encontradas. Tamb\u00e9m temos uma situa\u00e7\u00e3o de pessoas que tamb\u00e9m t\u00eam partes que est\u00e3o no territ\u00f3rio mexicano e que n\u00e3o s\u00e3o observando nas estat\u00edsticas dos EUA, porque temos um terreno muito dif\u00edcil, que \u00e9 o Arizona, na Calif\u00f3rnia e no Texas, onde muitas pessoas precisam viajar pelo lado mexicano\u201d.<\/p>\n<p>Deve-se notar que o estudo se concentra em \u00e1reas migrat\u00f3rias e n\u00e3o em territ\u00f3rios perigosos em geral para migrantes, raz\u00e3o pela qual a fronteira entre M\u00e9xico e Am\u00e9rica possivelmente acaba excedendo outras \u00e1reas de migra\u00e7\u00e3o em massa, como \u00e1reas do Oriente M\u00e9dio, \u00c1frica ou mesmo Europa.<\/p>\n","protected":false},"excerpt":{"rendered":"<p>A Organiza\u00e7\u00e3o Internacional de Migra\u00e7\u00e3o, \u00f3rg\u00e3o da ONU,\u00a0colocou a fronteira EUA-M\u00e9xico como a segunda fronteira mais perigosa do mundo. Com quase 500 imigrantes mortos, segundo a ONU em 2019, os n\u00fameros situam-se abaixo das mais de 1.000 mortes reivindicadas pelo Mar Mediterr\u00e2neo, nas quais migrantes da \u00c1sia e do Oriente M\u00e9dio navegam para a Europa fugindo das zonas de guerra. Dos 497 mortos, 290 seriam homens, 50 mulheres, 25 crian\u00e7as e dos 132 restantes n\u00e3o h\u00e1 informa\u00e7\u00f5es, segundo o mesmo relat\u00f3rio da Organiza\u00e7\u00e3o Internacional de Migrantes, que tamb\u00e9m indica que 128 das mortes seriam por afogamento e 51 por causa [&hellip;]<\/p>\n","protected":false},"author":1,"featured_media":41612,"comment_status":"open","ping_status":"open","sticky":false,"template":"","format":"standard","meta":{"_links_to":"","_links_to_target":""},"categories":[8,1],"tags":[],"views":2000,"_links":{"self":[{"href":"https:\/\/www.brazilianpress.com\/v1\/wp-json\/wp\/v2\/posts\/42858"}],"collection":[{"href":"https:\/\/www.brazilianpress.com\/v1\/wp-json\/wp\/v2\/posts"}],"about":[{"href":"https:\/\/www.brazilianpress.com\/v1\/wp-json\/wp\/v2\/types\/post"}],"author":[{"embeddable":true,"href":"https:\/\/www.brazilianpress.com\/v1\/wp-json\/wp\/v2\/users\/1"}],"replies":[{"embeddable":true,"href":"https:\/\/www.brazilianpress.com\/v1\/wp-json\/wp\/v2\/comments?post=42858"}],"version-history":[{"count":1,"href":"https:\/\/www.brazilianpress.com\/v1\/wp-json\/wp\/v2\/posts\/42858\/revisions"}],"predecessor-version":[{"id":42859,"href":"https:\/\/www.brazilianpress.com\/v1\/wp-json\/wp\/v2\/posts\/42858\/revisions\/42859"}],"wp:featuredmedia":[{"embeddable":true,"href":"https:\/\/www.brazilianpress.com\/v1\/wp-json\/wp\/v2\/media\/41612"}],"wp:attachment":[{"href":"https:\/\/www.brazilianpress.com\/v1\/wp-json\/wp\/v2\/media?parent=42858"}],"wp:term":[{"taxonomy":"category","embeddable":true,"href":"https:\/\/www.brazilianpress.com\/v1\/wp-json\/wp\/v2\/categories?post=42858"},{"taxonomy":"post_tag","embeddable":true,"href":"https:\/\/www.brazilianpress.com\/v1\/wp-json\/wp\/v2\/tags?post=42858"}],"curies":[{"name":"wp","href":"https:\/\/api.w.org\/{rel}","templated":true}]}}