{"id":42860,"date":"2020-01-23T21:11:02","date_gmt":"2020-01-24T01:11:02","guid":{"rendered":"http:\/\/www.brazilianpress.com\/v1\/?p=42860"},"modified":"2020-01-23T21:11:02","modified_gmt":"2020-01-24T01:11:02","slug":"gravida-e-5-filhos-sao-mortos-por-suposta-seita-no-panama","status":"publish","type":"post","link":"https:\/\/www.brazilianpress.com\/v1\/2020\/01\/23\/gravida-e-5-filhos-sao-mortos-por-suposta-seita-no-panama\/","title":{"rendered":"Gr\u00e1vida e 5 filhos s\u00e3o mortos por suposta seita no Panam\u00e1"},"content":{"rendered":"<p>Autoridades do Panam\u00e1 informaram na semana passada, que uma mulher gr\u00e1vida e seus cinco filhos com idades entre um e 11 anos, al\u00e9m de uma jovem de 17, foram supostamente assassinados e enterrados em uma fossa por membros de uma seita religiosa que atuava em uma \u00e1rea ind\u00edgena remota, e que os suspeitos do massacre est\u00e3o detidos.<\/p>\n<p>A televis\u00e3o local informou que sete cad\u00e1veres foram encontrados em uma fossa remota na prov\u00edncia de Ng\u00f6be-Bugl\u00e9, onde no mesmo dia foram resgatadas 15 pessoas feridas que estavam sequestradas por supostos membros de uma seita que as submeteu a rituais de exorcismo.<\/p>\n<p>&#8220;O Minist\u00e9rio P\u00fablico confirma a localiza\u00e7\u00e3o de uma fossa com sete cad\u00e1veres, correspondentes a seis menores de idade, de um, tr\u00eas, nove, nove, 11 e 17 anos. Al\u00e9m de uma mulher adulta que estava gr\u00e1vida de aproximadamente quatro a seis meses, m\u00e3e de cinco dos menores&#8221;, divulgou \u00f3rg\u00e3o.<\/p>\n<p>Dez supostos pastores da seita A Nova Luz de Deus foram presos pelas for\u00e7as especiais da Pol\u00edcia Nacional e transferidos na quarta-feira da aldeia ind\u00edgena Alto Terr\u00f3n para a cidade de Santiago de Veraguas.<\/p>\n<p>O Minist\u00e9rio P\u00fablico afirmou nesta quinta-feira que &#8220;todos os supostos autores do fato foram apreendidos e ser\u00e3o levados ao Tribunal de Garantias em Bocas del Toro entre amanh\u00e3 (sexta-feira) e s\u00e1bado&#8221;.<\/p>\n<p>&#8220;A interven\u00e7\u00e3o das For\u00e7as Especiais evitou que outras 15 pessoas fossem assassinadas. Elas foram resgatadas e enviadas a hospitais&#8221;, informaram as autoridades.<\/p>\n<p>O procurador-chefe de Bocas del Toro, Rafael Baloyes, disse que os corpos encontrados mostram sinais claros de tortura, e que entre os detidos pelo massacre est\u00e1 o av\u00f4 dos cinco menores que foram mortos.<\/p>\n<p>&#8220;Todos os perpetradores s\u00e3o ind\u00edgenas, e um deles \u00e9 o av\u00f4 das crian\u00e7as, ou seja, eles se conheciam, faziam parte da mesma comunidade&#8221;, disse o procurador em v\u00eddeo transmitido pelo Minist\u00e9rio P\u00fablico.<\/p>\n<p>Segundo os depoimentos coletados, a mulher gr\u00e1vida e os cinco filhos foram levados para um edif\u00edcio que servia como igreja na aldeia para &#8220;celebrar o culto e massacr\u00e1-los&#8221;, o que teria ocorrido na segunda-feira passada.<\/p>\n<p>&#8220;Uma vizinha tamb\u00e9m foi assassinada, ela era menor de idade&#8221;, disse Baloyes em refer\u00eancia \u00e0 s\u00e9tima v\u00edtima, de 17 anos, encontrada na fossa, que supostamente foi cavada por membros desta seita que &#8220;praticavam o culto h\u00e1 mais de tr\u00eas meses&#8221; na regi\u00e3o.<\/p>\n<p>De acordo com o procurador, os moradores locais contaram que os rituais se tornaram violentos no s\u00e1bado passado, quando um dos supostos pastores, que ele n\u00e3o identificou, disse que tinha recebido uma mensagem divina.<\/p>\n<p>\u00c9 por isso que as autoridades acreditam ter salvado a vida das 15 pessoas que foram amarradas e espancadas na igreja, porque tudo indicava que seriam submetidas ao mesmo ritual que levou \u00e0 morte das outras sete.<\/p>\n<p>&#8220;Na igreja improvisada foram localizados um bode morto e fac\u00f5es. Estava acontecendo um ritual para tirar as vidas deles caso n\u00e3o se arrependessem de seus pecados&#8221;, disse o procurador.<\/p>\n<p>Os corpos das v\u00edtimas, que no momento das necr\u00f3psias de quarta-feira apresentavam &#8220;um certo grau de decomposi\u00e7\u00e3o&#8221;, j\u00e1 que &#8220;tinham se passado dois dias desde a execu\u00e7\u00e3o&#8221;, receberam um enterro crist\u00e3o no mesmo lugar, onde h\u00e1 um cemit\u00e9rio, disse Beloyes.<\/p>\n<p>O trabalho dos peritos tem sido dif\u00edcil porque a fossa est\u00e1 em um lugar muito remoto, de dif\u00edcil acesso no meio de uma floresta e a cerca de dois quil\u00f4metros da aldeia de Alto Terr\u00f3n. Alguns moradores locais precisaram guiar as autoridades.<\/p>\n<p>Os pastores da seita s\u00e3o acusados de causar queimaduras em tr\u00eas pessoas no fim de semana passado na mesma regi\u00e3o durante um suposto exorcismo.<\/p>\n<p>&nbsp;<\/p>\n","protected":false},"excerpt":{"rendered":"<p>Autoridades do Panam\u00e1 informaram na semana passada, que uma mulher gr\u00e1vida e seus cinco filhos com idades entre um e 11 anos, al\u00e9m de uma jovem de 17, foram supostamente assassinados e enterrados em uma fossa por membros de uma seita religiosa que atuava em uma \u00e1rea ind\u00edgena remota, e que os suspeitos do massacre est\u00e3o detidos. A televis\u00e3o local informou que sete cad\u00e1veres foram encontrados em uma fossa remota na prov\u00edncia de Ng\u00f6be-Bugl\u00e9, onde no mesmo dia foram resgatadas 15 pessoas feridas que estavam sequestradas por supostos membros de uma seita que as submeteu a rituais de exorcismo. &#8220;O [&hellip;]<\/p>\n","protected":false},"author":1,"featured_media":42861,"comment_status":"open","ping_status":"open","sticky":false,"template":"","format":"standard","meta":{"_links_to":"","_links_to_target":""},"categories":[8,1],"tags":[],"views":1977,"_links":{"self":[{"href":"https:\/\/www.brazilianpress.com\/v1\/wp-json\/wp\/v2\/posts\/42860"}],"collection":[{"href":"https:\/\/www.brazilianpress.com\/v1\/wp-json\/wp\/v2\/posts"}],"about":[{"href":"https:\/\/www.brazilianpress.com\/v1\/wp-json\/wp\/v2\/types\/post"}],"author":[{"embeddable":true,"href":"https:\/\/www.brazilianpress.com\/v1\/wp-json\/wp\/v2\/users\/1"}],"replies":[{"embeddable":true,"href":"https:\/\/www.brazilianpress.com\/v1\/wp-json\/wp\/v2\/comments?post=42860"}],"version-history":[{"count":1,"href":"https:\/\/www.brazilianpress.com\/v1\/wp-json\/wp\/v2\/posts\/42860\/revisions"}],"predecessor-version":[{"id":42862,"href":"https:\/\/www.brazilianpress.com\/v1\/wp-json\/wp\/v2\/posts\/42860\/revisions\/42862"}],"wp:featuredmedia":[{"embeddable":true,"href":"https:\/\/www.brazilianpress.com\/v1\/wp-json\/wp\/v2\/media\/42861"}],"wp:attachment":[{"href":"https:\/\/www.brazilianpress.com\/v1\/wp-json\/wp\/v2\/media?parent=42860"}],"wp:term":[{"taxonomy":"category","embeddable":true,"href":"https:\/\/www.brazilianpress.com\/v1\/wp-json\/wp\/v2\/categories?post=42860"},{"taxonomy":"post_tag","embeddable":true,"href":"https:\/\/www.brazilianpress.com\/v1\/wp-json\/wp\/v2\/tags?post=42860"}],"curies":[{"name":"wp","href":"https:\/\/api.w.org\/{rel}","templated":true}]}}