{"id":42869,"date":"2020-01-23T21:24:34","date_gmt":"2020-01-24T01:24:34","guid":{"rendered":"http:\/\/www.brazilianpress.com\/v1\/?p=42869"},"modified":"2020-01-23T21:24:34","modified_gmt":"2020-01-24T01:24:34","slug":"desmatamento-na-amazonia-cresceu-183-em-dezembro-revela-inpe","status":"publish","type":"post","link":"https:\/\/www.brazilianpress.com\/v1\/2020\/01\/23\/desmatamento-na-amazonia-cresceu-183-em-dezembro-revela-inpe\/","title":{"rendered":"Desmatamento na Amaz\u00f4nia cresceu 183% em dezembro, revela Inpe"},"content":{"rendered":"<p>O governo Bolsonaro tentou destruir o trabalho do\u00a0Inpe, Instituto de Pesquisas Espaciais\u00a0sobre\u00a0dados do desmatamento na Amaz\u00f4nia, mas n\u00e3o conseguiu, como profetizou Ricardo Galv\u00e3o, ex-diretor do \u00f3rg\u00e3o. Na ocasi\u00e3o, Galv\u00e3o garantiu que o trabalho do Inpe era muito s\u00f3lido e que as investidas do governo n\u00e3o o abalariam.<\/p>\n<p>Esta semana, o Sistema de Detec\u00e7\u00e3o de Desmatamento em Tempo Real, que faz \u201clevantamentos r\u00e1pidos de alertas de evid\u00eancias de\u00a0altera\u00e7\u00e3o da\u00a0cobertura florestal\u00a0nesse bioma\u201d e ganhou nova vers\u00e3o em 2015 devido \u00e0 altera\u00e7\u00e3o do padr\u00e3o de \u00e1reas desmatadas na regi\u00e3o, revelou o\u00a0aumento de 183% na\u00a0destrui\u00e7\u00e3o das florestas na Amaz\u00f4nia, em compara\u00e7\u00e3o com o mesmo m\u00eas de 2018. Desde que foi lan\u00e7ado, no in\u00edcio dos anos 2000, a fun\u00e7\u00e3o do\u00a0Deter\u00a0\u00e9 auxiliar o\u00a0Ibama\u00a0e outros \u00f3rg\u00e3os do governo relacionados a esse tema em a\u00e7\u00f5es de\u00a0combate ao desmatamento\u00a0e tamb\u00e9m como base para\u00a0an\u00e1lises de tend\u00eancias da destrui\u00e7\u00e3o, ou seja, indica se o\u00a0desmatamento\u00a0est\u00e1 aumentando ou diminuindo.<\/p>\n<p>Por ser t\u00e3o eficiente, o sistema e o\u00a0Inpe\u00a0s\u00e3o frequentemente desqualificados por Bolsonaro e seu ministro do meio ambiente, Ricardo Salles. No ano passado, os dois tentaram neutralizar a atua\u00e7\u00e3o do \u00f3rg\u00e3o, demitindo Ricardo Galv\u00e3o, que n\u00e3o aceitou esconder os dados. Depois da demiss\u00e3o de Galv\u00e3o, Salles chegou a dizer que contrataria\u00a0outro servi\u00e7o de monitoramento, \u201cmais eficiente\u201d, mas o governo nunca divulgou novos dados sobre o desmatamento, limitando-se a comentar o que \u00e9 divulgado na m\u00eddia a partir dos dados do Inpe, que continua fazendo muito bem o seu papel.<\/p>\n<p>Os dados do Deter t\u00eam revelado que o crescimento do desmatamento (que \u00e9 sempre comparado com os mesmos meses de anos anteriores) continua constante.\u00a0A maior devasta\u00e7\u00e3o foi registrada nos meses de julho e agosto, de\u00a0278%\u00a0e\u00a0222%,\u00a0respectivamente. Os n\u00fameros de junho, setembro e novembro tamb\u00e9m foram expressivos: 92%, 96% e 104%.<\/p>\n<p>Em meados de novembro, o Inpe divulgou dados anuais do\u00a0PRODES\u00a0(Projeto de Monitoramento do Desmatamento na Amaz\u00f4nia Legal por Sat\u00e9lite), que indicaram que o desmamento na Amaz\u00f4nia cresceu 30% em um ano, registrando a\u00a0terceira maior alta da hist\u00f3ria\u00a0e a\u00a0maior da \u00faltima d\u00e9cada\u00a0e dos \u00faltimos 20 anos.<\/p>\n<p>Neste momento, Onix Lorenzoni, ministro da Casa Civil, e equipe est\u00e3o dedicados \u00e0 finaliza\u00e7\u00e3o de\u00a0Projeto de Lei\u00a0que libera a\u00a0explora\u00e7\u00e3o de terras ind\u00edgenas\u00a0na Amaz\u00f4nia, sem necessidade de autoriza\u00e7\u00e3o dos povos que vivem nelas, para o agroneg\u00f3cio, a minera\u00e7\u00e3o, a extra\u00e7\u00e3o de g\u00e1s e petr\u00f3leo, e que dever\u00e1 ser enviado ao Congresso, para vota\u00e7\u00e3o, assim que os parlamentares voltarem do recesso. Diante do\u00a0cen\u00e1rio de devasta\u00e7\u00e3o\u00a0que o governo Bolsonaro tem promovido, fica dif\u00edcil acreditar que h\u00e1 boas inten\u00e7\u00f5es por tr\u00e1s de qualquer medida amena anunciada. Ao tomar conhecimento dos novos dados do Deter\/Inpe, Salles justificou que o crescimento ocorreu\u00a0devido \u00e0 \u201ceconomia ilegal\u201d na Amaz\u00f4nia.<\/p>\n","protected":false},"excerpt":{"rendered":"<p>O governo Bolsonaro tentou destruir o trabalho do\u00a0Inpe, Instituto de Pesquisas Espaciais\u00a0sobre\u00a0dados do desmatamento na Amaz\u00f4nia, mas n\u00e3o conseguiu, como profetizou Ricardo Galv\u00e3o, ex-diretor do \u00f3rg\u00e3o. Na ocasi\u00e3o, Galv\u00e3o garantiu que o trabalho do Inpe era muito s\u00f3lido e que as investidas do governo n\u00e3o o abalariam. Esta semana, o Sistema de Detec\u00e7\u00e3o de Desmatamento em Tempo Real, que faz \u201clevantamentos r\u00e1pidos de alertas de evid\u00eancias de\u00a0altera\u00e7\u00e3o da\u00a0cobertura florestal\u00a0nesse bioma\u201d e ganhou nova vers\u00e3o em 2015 devido \u00e0 altera\u00e7\u00e3o do padr\u00e3o de \u00e1reas desmatadas na regi\u00e3o, revelou o\u00a0aumento de 183% na\u00a0destrui\u00e7\u00e3o das florestas na Amaz\u00f4nia, em compara\u00e7\u00e3o com o mesmo [&hellip;]<\/p>\n","protected":false},"author":1,"featured_media":40757,"comment_status":"open","ping_status":"open","sticky":false,"template":"","format":"standard","meta":{"_links_to":"","_links_to_target":""},"categories":[7,1],"tags":[],"views":2018,"_links":{"self":[{"href":"https:\/\/www.brazilianpress.com\/v1\/wp-json\/wp\/v2\/posts\/42869"}],"collection":[{"href":"https:\/\/www.brazilianpress.com\/v1\/wp-json\/wp\/v2\/posts"}],"about":[{"href":"https:\/\/www.brazilianpress.com\/v1\/wp-json\/wp\/v2\/types\/post"}],"author":[{"embeddable":true,"href":"https:\/\/www.brazilianpress.com\/v1\/wp-json\/wp\/v2\/users\/1"}],"replies":[{"embeddable":true,"href":"https:\/\/www.brazilianpress.com\/v1\/wp-json\/wp\/v2\/comments?post=42869"}],"version-history":[{"count":1,"href":"https:\/\/www.brazilianpress.com\/v1\/wp-json\/wp\/v2\/posts\/42869\/revisions"}],"predecessor-version":[{"id":42870,"href":"https:\/\/www.brazilianpress.com\/v1\/wp-json\/wp\/v2\/posts\/42869\/revisions\/42870"}],"wp:featuredmedia":[{"embeddable":true,"href":"https:\/\/www.brazilianpress.com\/v1\/wp-json\/wp\/v2\/media\/40757"}],"wp:attachment":[{"href":"https:\/\/www.brazilianpress.com\/v1\/wp-json\/wp\/v2\/media?parent=42869"}],"wp:term":[{"taxonomy":"category","embeddable":true,"href":"https:\/\/www.brazilianpress.com\/v1\/wp-json\/wp\/v2\/categories?post=42869"},{"taxonomy":"post_tag","embeddable":true,"href":"https:\/\/www.brazilianpress.com\/v1\/wp-json\/wp\/v2\/tags?post=42869"}],"curies":[{"name":"wp","href":"https:\/\/api.w.org\/{rel}","templated":true}]}}