{"id":42881,"date":"2020-01-25T09:53:37","date_gmt":"2020-01-25T13:53:37","guid":{"rendered":"http:\/\/www.brazilianpress.com\/v1\/?p=42881"},"modified":"2020-01-25T09:53:37","modified_gmt":"2020-01-25T13:53:37","slug":"algemados-aviao-com-brasileiros-deportados-dos-eua-chega-a-bh-familias-inteiras-estavam-a-bordo","status":"publish","type":"post","link":"https:\/\/www.brazilianpress.com\/v1\/2020\/01\/25\/algemados-aviao-com-brasileiros-deportados-dos-eua-chega-a-bh-familias-inteiras-estavam-a-bordo\/","title":{"rendered":"Algemados: Avi\u00e3o com brasileiros deportados dos EUA chega \u00e0 BH. Fam\u00edlias inteiras estavam \u00e0 bordo"},"content":{"rendered":"<p><strong>Um dos passageiros disse que os deportados voaram algemados, nas m\u00e3os e nos p\u00e9s. Boa parte deles chegou apenas com a roupa do corpo.<\/strong><\/p>\n<p>Um grupo de brasileiros deportados dos Estados Unidos desembarcou na noite de ontem no Aeroporto Internacional de Belo Horizonte, em Confins. O voo fretado pelo governo americano partiu de El Paso, no Texas, e aterrissou no Brasil por volta das 23h55. De acordo com informa\u00e7\u00f5es passadas ontem pelo governo americano ao Minist\u00e9rio das Rela\u00e7\u00f5es Exteriores, s\u00e3o cerca de 70 pessoas \u2014 o n\u00famero exato ainda \u00e9 desconhecido pelas autoridades brasileiras. A checagem final ainda n\u00e3o foi divulgada.<\/p>\n<p>&#8220;Nunca mais. N\u00e3o tenho inimigos, mas se tivesse, n\u00e3o desejaria isso pra eles&#8221;, disse Ren\u00ea Lima, de Paraopebas no Par\u00e1, ao desembarcar em Confins. O paraense afirma que muitos passageiros viajaram algemados, nas m\u00e3os e p\u00e9s. Fam\u00edlias inteiras estavam no voo. Pais, m\u00e3es e filhos. A maioria de Minas Gerais. Em alguns casos, m\u00e3es e filhos. Muitos escondendo os rostos. Todos com uma pequena sacola nas m\u00e3os, ou com um pl\u00e1stico em que o governo dos Estados Unidos colocou objetos pessoais, como telefones. Parte estava apenas com a roupa do corpo.<\/p>\n<p>&#8220;Voltei s\u00f3 com a B\u00edblia&#8221;, disse Ren\u00ea, que na chegada ainda teve o pl\u00e1stico utilizado para os objetos trocado. Acabou tendo \u00e0s m\u00e3os o telefone de um outro passageiro, e n\u00e3o sabia o que faria para devolver. Segundo ele, que \u00e9 soldador, sua deten\u00e7\u00e3o nos Estados Unidos aconteceu h\u00e1 quatro meses. &#8220;Fui para a Cidade do M\u00e9xico e, de l\u00e1, peguei outro avi\u00e3o para Juarez&#8221;, conta. O soldador afirma que pulou o muro que est\u00e1 sendo constru\u00eddo pelo governo dos Estados Unidos na fronteira com o M\u00e9xico. &#8220;Fica um coiote embaixo, que te ajuda, e outro em cima do muro que te puxa&#8221;.<\/p>\n<p>A &#8220;estrat\u00e9gia&#8221; foi confirmada por outros passageiros. &#8220;O muro s\u00f3 \u00e9 alto pr\u00f3ximo das cidades. Na parte mais afastada, \u00e9 baixo&#8221;, disse um passageiro que n\u00e3o quis se identificar. Ren\u00ea diz que foi preso no dia em que chegou a Juarez e tentou atravessar a fronteira. Conta ter ficado cinco dias em uma pris\u00e3o federal. &#8220;Voc\u00ea vai para a Corte. O juiz te d\u00e1 senten\u00e7a. Peguei cinco dias. Fiquei em cela com outras quatro pessoas&#8221;. Em seguida, relata o paraense, foi enviado para a imigra\u00e7\u00e3o onde, contou, ficava em celas com 50 pessoas at\u00e9 ontem. Fam\u00edlias com crian\u00e7as ficavam em tendas. &#8220;Somos muito mal tratados nos Estados Unidos. Vou para Portugal&#8221;, disse. Ele disse que, com a ajuda de amigos, pegaria um \u00f4nibus para o Par\u00e1, onde vai organizar sua ida para a Europa. No voo, conforme o soldador, todos os homens ou mulheres solteiras estavam com algemas nas m\u00e3os e p\u00e9s. M\u00e3es com filhos, n\u00e3o. Isso tamb\u00e9m foi confirmado por outros passageiros. Ren\u00ea contou que, durante toda a viagem, os passageiros comeram um sandu\u00edche de mortadela e tomaram uma garrafa pequena de \u00e1gua.<\/p>\n<p>A tripula\u00e7\u00e3o do avi\u00e3o era de 25 pessoas. O n\u00famero maior do que o habitual para viagens internacionais \u00e9 por conta de seguran\u00e7as colocados no aparelho para acompanhar os deportados. O governo do presidente Jair Bolsonaro (sem partido) tem facilitado a deporta\u00e7\u00e3o de cidad\u00e3os que vivem ilegalmente nos Estados Unidos, segundo a ag\u00eancia Reuters. Em outubro do ano passado, 70 pessoas foram deportadas num avi\u00e3o fretado. Os voos s\u00e3o os primeiros autorizados pelo Brasil desde 2006. Ainda segundo a ag\u00eancia, o n\u00famero de brasileiros presos pela ICE (Ag\u00eancia de Imigra\u00e7\u00e3o e Alf\u00e2ndega dos EUA) na fronteira com o M\u00e9xico subiu para 17.900 no ano fiscal de 2019, um aumento de mais de dez vezes em rela\u00e7\u00e3o ao ano anterior, segundo dados do governo americano.<\/p>\n","protected":false},"excerpt":{"rendered":"<p>Um dos passageiros disse que os deportados voaram algemados, nas m\u00e3os e nos p\u00e9s. Boa parte deles chegou apenas com a roupa do corpo. Um grupo de brasileiros deportados dos Estados Unidos desembarcou na noite de ontem no Aeroporto Internacional de Belo Horizonte, em Confins. O voo fretado pelo governo americano partiu de El Paso, no Texas, e aterrissou no Brasil por volta das 23h55. De acordo com informa\u00e7\u00f5es passadas ontem pelo governo americano ao Minist\u00e9rio das Rela\u00e7\u00f5es Exteriores, s\u00e3o cerca de 70 pessoas \u2014 o n\u00famero exato ainda \u00e9 desconhecido pelas autoridades brasileiras. A checagem final ainda n\u00e3o foi [&hellip;]<\/p>\n","protected":false},"author":1,"featured_media":42882,"comment_status":"open","ping_status":"open","sticky":false,"template":"","format":"standard","meta":{"_links_to":"","_links_to_target":""},"categories":[4,3,1],"tags":[],"views":2593,"_links":{"self":[{"href":"https:\/\/www.brazilianpress.com\/v1\/wp-json\/wp\/v2\/posts\/42881"}],"collection":[{"href":"https:\/\/www.brazilianpress.com\/v1\/wp-json\/wp\/v2\/posts"}],"about":[{"href":"https:\/\/www.brazilianpress.com\/v1\/wp-json\/wp\/v2\/types\/post"}],"author":[{"embeddable":true,"href":"https:\/\/www.brazilianpress.com\/v1\/wp-json\/wp\/v2\/users\/1"}],"replies":[{"embeddable":true,"href":"https:\/\/www.brazilianpress.com\/v1\/wp-json\/wp\/v2\/comments?post=42881"}],"version-history":[{"count":1,"href":"https:\/\/www.brazilianpress.com\/v1\/wp-json\/wp\/v2\/posts\/42881\/revisions"}],"predecessor-version":[{"id":42883,"href":"https:\/\/www.brazilianpress.com\/v1\/wp-json\/wp\/v2\/posts\/42881\/revisions\/42883"}],"wp:featuredmedia":[{"embeddable":true,"href":"https:\/\/www.brazilianpress.com\/v1\/wp-json\/wp\/v2\/media\/42882"}],"wp:attachment":[{"href":"https:\/\/www.brazilianpress.com\/v1\/wp-json\/wp\/v2\/media?parent=42881"}],"wp:term":[{"taxonomy":"category","embeddable":true,"href":"https:\/\/www.brazilianpress.com\/v1\/wp-json\/wp\/v2\/categories?post=42881"},{"taxonomy":"post_tag","embeddable":true,"href":"https:\/\/www.brazilianpress.com\/v1\/wp-json\/wp\/v2\/tags?post=42881"}],"curies":[{"name":"wp","href":"https:\/\/api.w.org\/{rel}","templated":true}]}}