{"id":42886,"date":"2020-01-26T14:30:08","date_gmt":"2020-01-26T18:30:08","guid":{"rendered":"http:\/\/www.brazilianpress.com\/v1\/?p=42886"},"modified":"2020-01-26T14:30:08","modified_gmt":"2020-01-26T18:30:08","slug":"brasil-nao-colocaria-algemas-em-deportados-como-eua-fizeram-com-brasileiros-diz-bolsonaro","status":"publish","type":"post","link":"https:\/\/www.brazilianpress.com\/v1\/2020\/01\/26\/brasil-nao-colocaria-algemas-em-deportados-como-eua-fizeram-com-brasileiros-diz-bolsonaro\/","title":{"rendered":"Brasil n\u00e3o colocaria algemas em deportados como EUA fizeram com brasileiros, diz Bolsonaro"},"content":{"rendered":"<p>O Brasil n\u00e3o colocaria algemas em imigrantes deportados como o governo Trump fez com os brasileiros, afirmou neste domingo (26) o presidente Jair Bolsonaro. Depois, indagado sobre as condi\u00e7\u00f5es dos brasileiros, disse: &#8220;Pergunta pro Trump&#8221;. No s\u00e1bado (25), Bolsonaro havia dito que era direito de qualquer pa\u00eds deportar imigrantes ilegais, que era parte da soberania de uma na\u00e7\u00e3o.<\/p>\n<p>Neste domingo, indagado sobre os brasileiros que foram deportados dos Estados Unidos na madrugada de s\u00e1bado, com algemas nos p\u00e9s e nas m\u00e3os, Bolsonaro afirmou: &#8220;Obviamente, n\u00f3s n\u00e3o far\u00edamos isso com ningu\u00e9m, saindo do Brasil para qualquer pa\u00eds&#8221;, disse o presidente, que est\u00e1 em Deli em visita oficial \u00e0 \u00cdndia. Um grupo de cerca de 50 brasileiros foi deportado da cidade de El Paso, no Texas, e chegou na madrugada de s\u00e1bado em Belo Horizonte. Os brasileiros relataram que tiveram de viajar com algemas nos p\u00e9s e nas m\u00e3os. Conforme a Folha de S.Paulo revelou, o governo Donald Trump solicitou formalmente a Bras\u00edlia a autoriza\u00e7\u00e3o para fretar mais voos com o objetivo de deportar brasileiros por imigra\u00e7\u00e3o irregular.<\/p>\n<p>Isso porque o n\u00famero de cidad\u00e3os do pa\u00eds apreendidos ao tentar atravessar sem documentos a fronteira dos Estados Unidos bateu o recorde de 18 mil em 2019. Assim, o governo americano busca solu\u00e7\u00f5es para acelerar a devolu\u00e7\u00e3o dessas pessoas ao Brasil. Em 2019, Bras\u00edlia deu luz verde ao sobrevoo de uma \u00fanica aeronave para devolver 70 brasileiros. O avi\u00e3o aterrissou no fim de outubro tamb\u00e9m no aeroporto de Confins (MG). O uso de avi\u00f5es alugados para deportar imigrantes em situa\u00e7\u00e3o irregular \u00e9 uma pr\u00e1tica antiga. No entanto, o esquema vinha sendo pouco aplicado a brasileiros. Segundo o Itamaraty, nos \u00faltimos anos h\u00e1 registro de um outro voo fretado, em outubro de 2017.<\/p>\n","protected":false},"excerpt":{"rendered":"<p>O Brasil n\u00e3o colocaria algemas em imigrantes deportados como o governo Trump fez com os brasileiros, afirmou neste domingo (26) o presidente Jair Bolsonaro. Depois, indagado sobre as condi\u00e7\u00f5es dos brasileiros, disse: &#8220;Pergunta pro Trump&#8221;. No s\u00e1bado (25), Bolsonaro havia dito que era direito de qualquer pa\u00eds deportar imigrantes ilegais, que era parte da soberania de uma na\u00e7\u00e3o. Neste domingo, indagado sobre os brasileiros que foram deportados dos Estados Unidos na madrugada de s\u00e1bado, com algemas nos p\u00e9s e nas m\u00e3os, Bolsonaro afirmou: &#8220;Obviamente, n\u00f3s n\u00e3o far\u00edamos isso com ningu\u00e9m, saindo do Brasil para qualquer pa\u00eds&#8221;, disse o presidente, que [&hellip;]<\/p>\n","protected":false},"author":1,"featured_media":40667,"comment_status":"open","ping_status":"open","sticky":false,"template":"","format":"standard","meta":{"_links_to":"","_links_to_target":""},"categories":[4,3,1],"tags":[],"views":1983,"_links":{"self":[{"href":"https:\/\/www.brazilianpress.com\/v1\/wp-json\/wp\/v2\/posts\/42886"}],"collection":[{"href":"https:\/\/www.brazilianpress.com\/v1\/wp-json\/wp\/v2\/posts"}],"about":[{"href":"https:\/\/www.brazilianpress.com\/v1\/wp-json\/wp\/v2\/types\/post"}],"author":[{"embeddable":true,"href":"https:\/\/www.brazilianpress.com\/v1\/wp-json\/wp\/v2\/users\/1"}],"replies":[{"embeddable":true,"href":"https:\/\/www.brazilianpress.com\/v1\/wp-json\/wp\/v2\/comments?post=42886"}],"version-history":[{"count":1,"href":"https:\/\/www.brazilianpress.com\/v1\/wp-json\/wp\/v2\/posts\/42886\/revisions"}],"predecessor-version":[{"id":42887,"href":"https:\/\/www.brazilianpress.com\/v1\/wp-json\/wp\/v2\/posts\/42886\/revisions\/42887"}],"wp:featuredmedia":[{"embeddable":true,"href":"https:\/\/www.brazilianpress.com\/v1\/wp-json\/wp\/v2\/media\/40667"}],"wp:attachment":[{"href":"https:\/\/www.brazilianpress.com\/v1\/wp-json\/wp\/v2\/media?parent=42886"}],"wp:term":[{"taxonomy":"category","embeddable":true,"href":"https:\/\/www.brazilianpress.com\/v1\/wp-json\/wp\/v2\/categories?post=42886"},{"taxonomy":"post_tag","embeddable":true,"href":"https:\/\/www.brazilianpress.com\/v1\/wp-json\/wp\/v2\/tags?post=42886"}],"curies":[{"name":"wp","href":"https:\/\/api.w.org\/{rel}","templated":true}]}}