{"id":42897,"date":"2020-01-29T13:26:24","date_gmt":"2020-01-29T17:26:24","guid":{"rendered":"http:\/\/www.brazilianpress.com\/v1\/?p=42897"},"modified":"2020-01-29T13:26:24","modified_gmt":"2020-01-29T17:26:24","slug":"policial-de-long-island-e-acusado-de-provocar-a-morte-do-filho-de-8-anos","status":"publish","type":"post","link":"https:\/\/www.brazilianpress.com\/v1\/2020\/01\/29\/policial-de-long-island-e-acusado-de-provocar-a-morte-do-filho-de-8-anos\/","title":{"rendered":"Policial de Long Island \u00e9 acusado de provocar a morte do filho de 8 anos"},"content":{"rendered":"<p><strong>Para os investigadores, Michael Valva colocou seu filho de 8 anos de castigo na garagem sem aquecimento durante uma noite de temperatura de -7\u00baC.<\/strong><\/p>\n<p>Um menino de 8 anos morreu congelado na cidade de Long Island, no estado de Nova York, nos Estados Unidos \u2013os investigadores suspeitam que o pai, um policial, colocou o filho de castigo na garagem sem aquecimento e sem comida. O caso aconteceu no dia 17 de janeiro. Uma viatura respondeu a um chamado telef\u00f4nico e, ao chegar na resid\u00eancia de Michael Valva, um policial, no por\u00e3o, fazendo respira\u00e7\u00e3o boca-a-boca no filho Thomas, de 8 anos.<\/p>\n<p><img src=\"https:\/\/thenypost.files.wordpress.com\/2020\/01\/valva-family-blurred-1.jpg?quality=80&amp;strip=all&amp;w=618&amp;h=410&amp;crop=1\" alt=\"Resultado de imagem para Michael Valva\" \/><\/p>\n<p>No momento, Valva disse que o garoto havia ca\u00eddo. A crian\u00e7a foi levada a um hospital, onde sua morte foi declarada. Quando o menino chegou, sua temperatura corporal era de pouco mais de 24\u00baC. Valva e sua noiva foram acusados pela pol\u00edcia de homic\u00eddio por uma conduta que criou um grave risco de morte para a crian\u00e7a, segundo a comiss\u00e1ria Geraldine Hart. \u201cThomas Valva (o menino) foi submetido a uma temperatura congelante durante uma noite na garagem de casa, quando a temperatura externa era de -7\u00baC\u201d, ela afirmou, de acordo com o \u201cThe Washington Post\u201d.<\/p>\n<p><img src=\"https:\/\/s2.glbimg.com\/SDx3s1L5QCNCmaxpkbILi1xOlpU=\/0x0:3264x3264\/1008x0\/smart\/filters:strip_icc()\/i.s3.glbimg.com\/v1\/AUTH_59edd422c0c84a879bd37670ae4f538a\/internal_photos\/bs\/2020\/e\/6\/2rUCzwQJe6LMBFt2ny0A\/michael-valva-e-angela-pollina.jpg\" alt=\"Michael Valva e Angela Pollina, acusados pela morte de Thomas Valva, de 8 anos \u2014 Foto: Suffolk County Sheriff\/Divulga\u00e7\u00e3o\/Via AP\" \/><\/p>\n<p>As autoridades disseram ao \u201cThe New York Times\u201d que encontraram v\u00eddeos de duas noites antes da morte do garoto que mostravam ele e um de seus irm\u00e3os tremendo no ch\u00e3o da garagem, sem colch\u00e3o, sem coberta e nem travesseiros. A noiva do policial afirma que \u00e9 inocente, diz seu advogado.<\/p>\n<p><strong>M\u00e3e acusa institui\u00e7\u00f5es por n\u00e3o agir<\/strong><\/p>\n<p>Al\u00e9m de Thomas, o garoto que morreu, havia outras cinco crian\u00e7as na casa: dois irm\u00e3os dele e tr\u00eas filhas da noiva do policial. Essas crian\u00e7as foram retiradas do casal. No ano passado, assistentes sociais foram chamados para fazer uma vistoria, mas n\u00e3o encontraram ningu\u00e9m na casa. A ex-mulher de Valva e m\u00e3e da v\u00edtima, Justyna Zubko-Valva, tem afirmado, h\u00e1 anos, que o pai abusava das crian\u00e7as. Ela perdeu cust\u00f3dia dos filhos em 2017, mas n\u00e3o se sabe o porqu\u00ea. Ela entrou com pedido div\u00f3rcio no ano passado. Em entrevista ao \u201cNew York Post\u201d, ela afirmou que h\u00e1 muitas pessoas respons\u00e1veis pela trag\u00e9dia. \u201cAs institui\u00e7\u00f5es que deveriam proteger as crian\u00e7as protegeram os abusadores\u201d, disse.<\/p>\n<p><img src=\"https:\/\/img-s-msn-com.akamaized.net\/tenant\/amp\/entityid\/BBZr14a.img?h=0&amp;w=720&amp;m=6&amp;q=60&amp;u=t&amp;o=f&amp;l=f&amp;x=279&amp;y=309\" alt=\"Resultado de imagem para Michael Valva\" \/><\/p>\n<p><img src=\"https:\/\/thenypost.files.wordpress.com\/2020\/01\/michael-valva-perp-walk-2.jpg?quality=80&amp;strip=all&amp;w=1024\" alt=\"Resultado de imagem para Michael Valva\" \/><\/p>\n","protected":false},"excerpt":{"rendered":"<p>Para os investigadores, Michael Valva colocou seu filho de 8 anos de castigo na garagem sem aquecimento durante uma noite de temperatura de -7\u00baC. Um menino de 8 anos morreu congelado na cidade de Long Island, no estado de Nova York, nos Estados Unidos \u2013os investigadores suspeitam que o pai, um policial, colocou o filho de castigo na garagem sem aquecimento e sem comida. O caso aconteceu no dia 17 de janeiro. Uma viatura respondeu a um chamado telef\u00f4nico e, ao chegar na resid\u00eancia de Michael Valva, um policial, no por\u00e3o, fazendo respira\u00e7\u00e3o boca-a-boca no filho Thomas, de 8 anos. [&hellip;]<\/p>\n","protected":false},"author":1,"featured_media":42898,"comment_status":"open","ping_status":"open","sticky":false,"template":"","format":"standard","meta":{"_links_to":"","_links_to_target":""},"categories":[4,3,1],"tags":[],"views":1891,"_links":{"self":[{"href":"https:\/\/www.brazilianpress.com\/v1\/wp-json\/wp\/v2\/posts\/42897"}],"collection":[{"href":"https:\/\/www.brazilianpress.com\/v1\/wp-json\/wp\/v2\/posts"}],"about":[{"href":"https:\/\/www.brazilianpress.com\/v1\/wp-json\/wp\/v2\/types\/post"}],"author":[{"embeddable":true,"href":"https:\/\/www.brazilianpress.com\/v1\/wp-json\/wp\/v2\/users\/1"}],"replies":[{"embeddable":true,"href":"https:\/\/www.brazilianpress.com\/v1\/wp-json\/wp\/v2\/comments?post=42897"}],"version-history":[{"count":1,"href":"https:\/\/www.brazilianpress.com\/v1\/wp-json\/wp\/v2\/posts\/42897\/revisions"}],"predecessor-version":[{"id":42899,"href":"https:\/\/www.brazilianpress.com\/v1\/wp-json\/wp\/v2\/posts\/42897\/revisions\/42899"}],"wp:featuredmedia":[{"embeddable":true,"href":"https:\/\/www.brazilianpress.com\/v1\/wp-json\/wp\/v2\/media\/42898"}],"wp:attachment":[{"href":"https:\/\/www.brazilianpress.com\/v1\/wp-json\/wp\/v2\/media?parent=42897"}],"wp:term":[{"taxonomy":"category","embeddable":true,"href":"https:\/\/www.brazilianpress.com\/v1\/wp-json\/wp\/v2\/categories?post=42897"},{"taxonomy":"post_tag","embeddable":true,"href":"https:\/\/www.brazilianpress.com\/v1\/wp-json\/wp\/v2\/tags?post=42897"}],"curies":[{"name":"wp","href":"https:\/\/api.w.org\/{rel}","templated":true}]}}