{"id":42930,"date":"2020-01-30T14:07:49","date_gmt":"2020-01-30T18:07:49","guid":{"rendered":"http:\/\/www.brazilianpress.com\/v1\/?p=42930"},"modified":"2020-01-30T14:07:49","modified_gmt":"2020-01-30T18:07:49","slug":"democratas-tornam-a-acusar-trump-por-causa-da-proibicao-de-imigracao-religiosa-contra-mulcumanos","status":"publish","type":"post","link":"https:\/\/www.brazilianpress.com\/v1\/2020\/01\/30\/democratas-tornam-a-acusar-trump-por-causa-da-proibicao-de-imigracao-religiosa-contra-mulcumanos\/","title":{"rendered":"Democratas tornam a acusar Trump por causa da proibi\u00e7\u00e3o de imigra\u00e7\u00e3o religiosa contra mul\u00e7umanos"},"content":{"rendered":"<p>A presidente da C\u00e2mara dos Deputados, Nancy Pelosi, anunciou na segunda-feira um novo projeto de lei para revogar o veto de imigra\u00e7\u00e3o do presidente Donald Trump, a refugiados e cidad\u00e3os de pa\u00edses de maioria mu\u00e7ulmana e impedir a imposi\u00e7\u00e3o de novas restri\u00e7\u00f5es.<\/p>\n<p>&#8220;Nas pr\u00f3ximas semanas, o Comit\u00ea Judici\u00e1rio da C\u00e2mara dos Deputados revisar\u00e1 e apresentar\u00e1 no plen\u00e1rio um projeto de lei para proibir a discrimina\u00e7\u00e3o religiosa em nosso sistema de imigra\u00e7\u00e3o e a capacidade do presidente de impor restri\u00e7\u00f5es parciais como essas&#8221;, disse a l\u00edder democrata em uma declara\u00e7\u00e3o. A iniciativa, proposta em abril pela parlamentar progressista Judy Chu, prop\u00f5e encerrar o veto atual e impedir que o governo introduza novas restri\u00e7\u00f5es sem apresentar nenhuma justificativa e sem consultar o Congresso, al\u00e9m de propor a proibi\u00e7\u00e3o da discrimina\u00e7\u00e3o religiosa.<\/p>\n<p>Precisamente na segunda-feira, 27, marca tr\u00eas anos desde a aprova\u00e7\u00e3o da primeira proibi\u00e7\u00e3o de imigra\u00e7\u00e3o de Trump para alguns pa\u00edses de maioria mu\u00e7ulmana. O presidente anunciou que haveria novas restri\u00e7\u00f5es, sem especificar quais seriam afetadas. Alguns meios de comunica\u00e7\u00e3o locais afirmaram que esses pa\u00edses seriam Bielorr\u00fassia, Birm\u00e2nia, Eritreia, Quirguist\u00e3o, Nig\u00e9ria, Sud\u00e3o e Tanz\u00e2nia. Em junho de 2018, a Suprema Corte apoiou o veto \u00e0 imigra\u00e7\u00e3o de Trump com uma forte divis\u00e3o, apesar das alega\u00e7\u00f5es de que visava especialmente os pa\u00edses de maioria mu\u00e7ulmana. O tribunal decidiu assim a favor da terceira proibi\u00e7\u00e3o de viagem promulgada pelo presidente desde que chegou \u00e0 Casa Branca em janeiro de 2017 e afeta a L\u00edbia, Ir\u00e3, Som\u00e1lia, S\u00edria e I\u00eamen e imp\u00f5e restri\u00e7\u00f5es aos venezuelanos e norte coreanos.<\/p>\n","protected":false},"excerpt":{"rendered":"<p>A presidente da C\u00e2mara dos Deputados, Nancy Pelosi, anunciou na segunda-feira um novo projeto de lei para revogar o veto de imigra\u00e7\u00e3o do presidente Donald Trump, a refugiados e cidad\u00e3os de pa\u00edses de maioria mu\u00e7ulmana e impedir a imposi\u00e7\u00e3o de novas restri\u00e7\u00f5es. &#8220;Nas pr\u00f3ximas semanas, o Comit\u00ea Judici\u00e1rio da C\u00e2mara dos Deputados revisar\u00e1 e apresentar\u00e1 no plen\u00e1rio um projeto de lei para proibir a discrimina\u00e7\u00e3o religiosa em nosso sistema de imigra\u00e7\u00e3o e a capacidade do presidente de impor restri\u00e7\u00f5es parciais como essas&#8221;, disse a l\u00edder democrata em uma declara\u00e7\u00e3o. A iniciativa, proposta em abril pela parlamentar progressista Judy Chu, prop\u00f5e [&hellip;]<\/p>\n","protected":false},"author":1,"featured_media":37189,"comment_status":"open","ping_status":"open","sticky":false,"template":"","format":"standard","meta":{"_links_to":"","_links_to_target":""},"categories":[3,1,10],"tags":[],"views":2036,"_links":{"self":[{"href":"https:\/\/www.brazilianpress.com\/v1\/wp-json\/wp\/v2\/posts\/42930"}],"collection":[{"href":"https:\/\/www.brazilianpress.com\/v1\/wp-json\/wp\/v2\/posts"}],"about":[{"href":"https:\/\/www.brazilianpress.com\/v1\/wp-json\/wp\/v2\/types\/post"}],"author":[{"embeddable":true,"href":"https:\/\/www.brazilianpress.com\/v1\/wp-json\/wp\/v2\/users\/1"}],"replies":[{"embeddable":true,"href":"https:\/\/www.brazilianpress.com\/v1\/wp-json\/wp\/v2\/comments?post=42930"}],"version-history":[{"count":1,"href":"https:\/\/www.brazilianpress.com\/v1\/wp-json\/wp\/v2\/posts\/42930\/revisions"}],"predecessor-version":[{"id":42931,"href":"https:\/\/www.brazilianpress.com\/v1\/wp-json\/wp\/v2\/posts\/42930\/revisions\/42931"}],"wp:featuredmedia":[{"embeddable":true,"href":"https:\/\/www.brazilianpress.com\/v1\/wp-json\/wp\/v2\/media\/37189"}],"wp:attachment":[{"href":"https:\/\/www.brazilianpress.com\/v1\/wp-json\/wp\/v2\/media?parent=42930"}],"wp:term":[{"taxonomy":"category","embeddable":true,"href":"https:\/\/www.brazilianpress.com\/v1\/wp-json\/wp\/v2\/categories?post=42930"},{"taxonomy":"post_tag","embeddable":true,"href":"https:\/\/www.brazilianpress.com\/v1\/wp-json\/wp\/v2\/tags?post=42930"}],"curies":[{"name":"wp","href":"https:\/\/api.w.org\/{rel}","templated":true}]}}