{"id":42932,"date":"2020-01-30T14:10:17","date_gmt":"2020-01-30T18:10:17","guid":{"rendered":"http:\/\/www.brazilianpress.com\/v1\/?p=42932"},"modified":"2020-01-30T14:10:17","modified_gmt":"2020-01-30T18:10:17","slug":"terremoto-de-magnitude-77-atinge-o-mar-do-caribe","status":"publish","type":"post","link":"https:\/\/www.brazilianpress.com\/v1\/2020\/01\/30\/terremoto-de-magnitude-77-atinge-o-mar-do-caribe\/","title":{"rendered":"Terremoto de magnitude 7,7 atinge o Mar do Caribe"},"content":{"rendered":"<p>Um terremoto atingiu, na tarde desta ter\u00e7a-feira, uma regi\u00e3o do Mar do Caribe entre Cuba e Jamaica.<\/p>\n<p>O Servi\u00e7o Geol\u00f3gico dos Estados Unidos informou que o terremoto foi de magnitude 7,7 \u2013 o maior j\u00e1 registrado chegou a 9,5 na escala Richter. A estimativa \u00e9 que foco do tremor esteja a uma profundidade de 10 quil\u00f4metros. O fen\u00f4meno ocorreu \u00e0s 14h10 (16h10 no hor\u00e1rio de Bras\u00edlia). Ainda n\u00e3o h\u00e1 relatos sobre v\u00edtimas ou preju\u00edzos causados pelo terremoto. Pelas redes sociais, come\u00e7am a circular imagens de crateras que se abriram na Jamaica. A imprensa dos Estados Unidos tamb\u00e9m relata que o tremor foi t\u00e3o forte que foi sentido em Miami,a cerca de 500 quil\u00f4metros de Cuba, mas na costa oposta ao foco do tremor. (ABr)<\/p>\n","protected":false},"excerpt":{"rendered":"<p>Um terremoto atingiu, na tarde desta ter\u00e7a-feira, uma regi\u00e3o do Mar do Caribe entre Cuba e Jamaica. O Servi\u00e7o Geol\u00f3gico dos Estados Unidos informou que o terremoto foi de magnitude 7,7 \u2013 o maior j\u00e1 registrado chegou a 9,5 na escala Richter. A estimativa \u00e9 que foco do tremor esteja a uma profundidade de 10 quil\u00f4metros. O fen\u00f4meno ocorreu \u00e0s 14h10 (16h10 no hor\u00e1rio de Bras\u00edlia). Ainda n\u00e3o h\u00e1 relatos sobre v\u00edtimas ou preju\u00edzos causados pelo terremoto. Pelas redes sociais, come\u00e7am a circular imagens de crateras que se abriram na Jamaica. A imprensa dos Estados Unidos tamb\u00e9m relata que o [&hellip;]<\/p>\n","protected":false},"author":1,"featured_media":42934,"comment_status":"open","ping_status":"open","sticky":false,"template":"","format":"standard","meta":{"_links_to":"","_links_to_target":""},"categories":[3,1,10],"tags":[],"views":1986,"_links":{"self":[{"href":"https:\/\/www.brazilianpress.com\/v1\/wp-json\/wp\/v2\/posts\/42932"}],"collection":[{"href":"https:\/\/www.brazilianpress.com\/v1\/wp-json\/wp\/v2\/posts"}],"about":[{"href":"https:\/\/www.brazilianpress.com\/v1\/wp-json\/wp\/v2\/types\/post"}],"author":[{"embeddable":true,"href":"https:\/\/www.brazilianpress.com\/v1\/wp-json\/wp\/v2\/users\/1"}],"replies":[{"embeddable":true,"href":"https:\/\/www.brazilianpress.com\/v1\/wp-json\/wp\/v2\/comments?post=42932"}],"version-history":[{"count":1,"href":"https:\/\/www.brazilianpress.com\/v1\/wp-json\/wp\/v2\/posts\/42932\/revisions"}],"predecessor-version":[{"id":42935,"href":"https:\/\/www.brazilianpress.com\/v1\/wp-json\/wp\/v2\/posts\/42932\/revisions\/42935"}],"wp:featuredmedia":[{"embeddable":true,"href":"https:\/\/www.brazilianpress.com\/v1\/wp-json\/wp\/v2\/media\/42934"}],"wp:attachment":[{"href":"https:\/\/www.brazilianpress.com\/v1\/wp-json\/wp\/v2\/media?parent=42932"}],"wp:term":[{"taxonomy":"category","embeddable":true,"href":"https:\/\/www.brazilianpress.com\/v1\/wp-json\/wp\/v2\/categories?post=42932"},{"taxonomy":"post_tag","embeddable":true,"href":"https:\/\/www.brazilianpress.com\/v1\/wp-json\/wp\/v2\/tags?post=42932"}],"curies":[{"name":"wp","href":"https:\/\/api.w.org\/{rel}","templated":true}]}}