{"id":42946,"date":"2020-01-30T19:24:33","date_gmt":"2020-01-30T23:24:33","guid":{"rendered":"http:\/\/www.brazilianpress.com\/v1\/?p=42946"},"modified":"2020-01-30T19:24:33","modified_gmt":"2020-01-30T23:24:33","slug":"fortaleza-encaminha-contratacao-do-atacante-david-ex-cruzeiro","status":"publish","type":"post","link":"https:\/\/www.brazilianpress.com\/v1\/2020\/01\/30\/fortaleza-encaminha-contratacao-do-atacante-david-ex-cruzeiro\/","title":{"rendered":"Fortaleza encaminha contrata\u00e7\u00e3o do atacante David, ex-Cruzeiro"},"content":{"rendered":"<p>O Fortaleza est\u00e1 prestes a anunciar mais um atacante para o seu plantel. Trata-se de David, ex-Cruzeiro, que est\u00e1 prestes a fechar com o Le\u00e3o do Pici. O clube cearense, inclusive, teria vencido a concorr\u00eancia do Bahia, que tamb\u00e9m buscou se refor\u00e7ar com o atleta. A informa\u00e7\u00e3o foi publicada inicialmente pelo portal Bahia Not\u00edcias e confirmada pelo GloboEsporte.com.<\/p>\n<p>Faltam detalhes para o an\u00fancio oficial do jogador. J\u00e1 havia conversas entre as partes e ap\u00f3s a libera\u00e7\u00e3o do Cruzeiro, David preferiu o projeto do Fortaleza ao do Bahia e, com isso, em breve vestir\u00e1 a camisa do Tricolor do Pici. Com o aval de Rog\u00e9rio Ceni, Davi \u00e9 esperado ainda esta semana na Capital cearense. Al\u00e9m dele, o Fortaleza contratou o atacante Edson Cari\u00fas, o zagueiro Jo\u00e3o Paulo e o volante Michel.<\/p>\n<p>David pediu rescis\u00e3o de contrato com o Cruzeiro na Justi\u00e7a. O processo foi protocolado na 47\u00aa Vara do Trabalho de Belo Horizonte. De acordo com o staff do jogador, o d\u00e9bito do Cruzeiro com David gira em torno de R$ 1 milh\u00e3o. O Tricolor do Pici j\u00e1\u00a0havia oficializado proposta ao Cruzeiro por David, mas a rescis\u00e3o do jogador facilitou o processo de contrata\u00e7\u00e3o. O interesse do Fortaleza pelo jogador partiu de um pedido do pr\u00f3prio t\u00e9cnico Rog\u00e9rio Ceni, com quem ele trabalhou na Toca da Raposa no ano passado. David foi titular em todos os oito jogos da r\u00e1pida passagem do treinador no Cruzeiro.<\/p>\n","protected":false},"excerpt":{"rendered":"<p>O Fortaleza est\u00e1 prestes a anunciar mais um atacante para o seu plantel. Trata-se de David, ex-Cruzeiro, que est\u00e1 prestes a fechar com o Le\u00e3o do Pici. O clube cearense, inclusive, teria vencido a concorr\u00eancia do Bahia, que tamb\u00e9m buscou se refor\u00e7ar com o atleta. A informa\u00e7\u00e3o foi publicada inicialmente pelo portal Bahia Not\u00edcias e confirmada pelo GloboEsporte.com. Faltam detalhes para o an\u00fancio oficial do jogador. J\u00e1 havia conversas entre as partes e ap\u00f3s a libera\u00e7\u00e3o do Cruzeiro, David preferiu o projeto do Fortaleza ao do Bahia e, com isso, em breve vestir\u00e1 a camisa do Tricolor do Pici. Com [&hellip;]<\/p>\n","protected":false},"author":1,"featured_media":42947,"comment_status":"open","ping_status":"open","sticky":false,"template":"","format":"standard","meta":{"_links_to":"","_links_to_target":""},"categories":[9,1],"tags":[],"views":1558,"_links":{"self":[{"href":"https:\/\/www.brazilianpress.com\/v1\/wp-json\/wp\/v2\/posts\/42946"}],"collection":[{"href":"https:\/\/www.brazilianpress.com\/v1\/wp-json\/wp\/v2\/posts"}],"about":[{"href":"https:\/\/www.brazilianpress.com\/v1\/wp-json\/wp\/v2\/types\/post"}],"author":[{"embeddable":true,"href":"https:\/\/www.brazilianpress.com\/v1\/wp-json\/wp\/v2\/users\/1"}],"replies":[{"embeddable":true,"href":"https:\/\/www.brazilianpress.com\/v1\/wp-json\/wp\/v2\/comments?post=42946"}],"version-history":[{"count":1,"href":"https:\/\/www.brazilianpress.com\/v1\/wp-json\/wp\/v2\/posts\/42946\/revisions"}],"predecessor-version":[{"id":42948,"href":"https:\/\/www.brazilianpress.com\/v1\/wp-json\/wp\/v2\/posts\/42946\/revisions\/42948"}],"wp:featuredmedia":[{"embeddable":true,"href":"https:\/\/www.brazilianpress.com\/v1\/wp-json\/wp\/v2\/media\/42947"}],"wp:attachment":[{"href":"https:\/\/www.brazilianpress.com\/v1\/wp-json\/wp\/v2\/media?parent=42946"}],"wp:term":[{"taxonomy":"category","embeddable":true,"href":"https:\/\/www.brazilianpress.com\/v1\/wp-json\/wp\/v2\/categories?post=42946"},{"taxonomy":"post_tag","embeddable":true,"href":"https:\/\/www.brazilianpress.com\/v1\/wp-json\/wp\/v2\/tags?post=42946"}],"curies":[{"name":"wp","href":"https:\/\/api.w.org\/{rel}","templated":true}]}}