{"id":42949,"date":"2020-01-30T19:26:37","date_gmt":"2020-01-30T23:26:37","guid":{"rendered":"http:\/\/www.brazilianpress.com\/v1\/?p=42949"},"modified":"2020-01-30T19:26:37","modified_gmt":"2020-01-30T23:26:37","slug":"gabigol-antecipa-flamengo-e-anuncia-acerto-com-o-clube-se-e-para-o-bem-da-nacao-eu-fico","status":"publish","type":"post","link":"https:\/\/www.brazilianpress.com\/v1\/2020\/01\/30\/gabigol-antecipa-flamengo-e-anuncia-acerto-com-o-clube-se-e-para-o-bem-da-nacao-eu-fico\/","title":{"rendered":"Gabigol antecipa Flamengo e anuncia acerto com o clube: &#8220;Se \u00e9 para o bem da Na\u00e7\u00e3o, eu fico!&#8221;"},"content":{"rendered":"<p>A torcida do Flamengo n\u00e3o ficar\u00e1 \u00f3rf\u00e3 de Gabigol. Marcos Braz e Bruno Spindel chegaram a um acordo com a Inter de Mil\u00e3o para a transfer\u00eancia do artilheiro. O jogador antecipou o an\u00fancio oficial do clube e, atrav\u00e9s das redes sociais, revelou o acerto.<\/p>\n<p>&#8211; A Na\u00e7\u00e3o me abra\u00e7ou. Aqui vivemos intensamente. Nos apaixonamos! Sorrimos! Sofremos! Vibramos! Quebramos barreiras. Se \u00e9 para o bem da Na\u00e7\u00e3o, eu fico! &#8211; narrou o camisa 9, em v\u00eddeo com melhores momentos de 2019. + &#8220;Dia do Fico&#8221; no Wikip\u00e9dia \u00e9 alterado para perman\u00eancia de Gabigol no Flamengo. Veja! Gabriel assinou com o Rubro-Negro por cinco temporadas\u00a0&#8211; fica at\u00e9 dezembro de 2024. Ele chega ao Rio de Janeiro no fim da manh\u00e3 desta ter\u00e7a-feira.\u00a0A transa\u00e7\u00e3o gira em torno de 17 milh\u00f5es de euros (cerca de R$ 78,6 milh\u00f5es) por 90% dos direitos.<\/p>\n<p>Quase 30 minutos ap\u00f3s o &#8220;furo&#8221; de Gabigol, o Flamengo publicou v\u00eddeos anunciando o acerto com o artilheiro, contando com a participa\u00e7\u00e3o de Arrascaeta e resgatando a festa com a torcida na Presidente Vargas, logo ap\u00f3s a chegada ao Brasil com a ta\u00e7a da Libertadores. A novela Gabigol se arrastou por mais de dois meses, desde a conquista do t\u00edtulo da Libertadores, em novembro. Ap\u00f3s v\u00e1rios cap\u00edtulos, Marcos Braz e Bruno Spindel chegaram a um acordo com a Inter de Mil\u00e3o para a transfer\u00eancia do artilheiro. Gabriel foi um dos grandes destaques do Flamengo em 2019. Com 59 jogos e 43 gols na temporada, terminou o ano eleito o &#8220;Rei da Am\u00e9rica&#8221; e marcou o nome na hist\u00f3ria do clube com os dois gols na decis\u00e3o da Libertadores, diante do River Plate, em Lima.<\/p>\n","protected":false},"excerpt":{"rendered":"<p>A torcida do Flamengo n\u00e3o ficar\u00e1 \u00f3rf\u00e3 de Gabigol. Marcos Braz e Bruno Spindel chegaram a um acordo com a Inter de Mil\u00e3o para a transfer\u00eancia do artilheiro. O jogador antecipou o an\u00fancio oficial do clube e, atrav\u00e9s das redes sociais, revelou o acerto. &#8211; A Na\u00e7\u00e3o me abra\u00e7ou. Aqui vivemos intensamente. Nos apaixonamos! Sorrimos! Sofremos! Vibramos! Quebramos barreiras. Se \u00e9 para o bem da Na\u00e7\u00e3o, eu fico! &#8211; narrou o camisa 9, em v\u00eddeo com melhores momentos de 2019. + &#8220;Dia do Fico&#8221; no Wikip\u00e9dia \u00e9 alterado para perman\u00eancia de Gabigol no Flamengo. Veja! Gabriel assinou com o Rubro-Negro [&hellip;]<\/p>\n","protected":false},"author":1,"featured_media":42950,"comment_status":"open","ping_status":"open","sticky":false,"template":"","format":"standard","meta":{"_links_to":"","_links_to_target":""},"categories":[9,1],"tags":[],"views":1503,"_links":{"self":[{"href":"https:\/\/www.brazilianpress.com\/v1\/wp-json\/wp\/v2\/posts\/42949"}],"collection":[{"href":"https:\/\/www.brazilianpress.com\/v1\/wp-json\/wp\/v2\/posts"}],"about":[{"href":"https:\/\/www.brazilianpress.com\/v1\/wp-json\/wp\/v2\/types\/post"}],"author":[{"embeddable":true,"href":"https:\/\/www.brazilianpress.com\/v1\/wp-json\/wp\/v2\/users\/1"}],"replies":[{"embeddable":true,"href":"https:\/\/www.brazilianpress.com\/v1\/wp-json\/wp\/v2\/comments?post=42949"}],"version-history":[{"count":1,"href":"https:\/\/www.brazilianpress.com\/v1\/wp-json\/wp\/v2\/posts\/42949\/revisions"}],"predecessor-version":[{"id":42951,"href":"https:\/\/www.brazilianpress.com\/v1\/wp-json\/wp\/v2\/posts\/42949\/revisions\/42951"}],"wp:featuredmedia":[{"embeddable":true,"href":"https:\/\/www.brazilianpress.com\/v1\/wp-json\/wp\/v2\/media\/42950"}],"wp:attachment":[{"href":"https:\/\/www.brazilianpress.com\/v1\/wp-json\/wp\/v2\/media?parent=42949"}],"wp:term":[{"taxonomy":"category","embeddable":true,"href":"https:\/\/www.brazilianpress.com\/v1\/wp-json\/wp\/v2\/categories?post=42949"},{"taxonomy":"post_tag","embeddable":true,"href":"https:\/\/www.brazilianpress.com\/v1\/wp-json\/wp\/v2\/tags?post=42949"}],"curies":[{"name":"wp","href":"https:\/\/api.w.org\/{rel}","templated":true}]}}