{"id":42963,"date":"2020-01-30T19:37:16","date_gmt":"2020-01-30T23:37:16","guid":{"rendered":"http:\/\/www.brazilianpress.com\/v1\/?p=42963"},"modified":"2020-01-30T19:37:16","modified_gmt":"2020-01-30T23:37:16","slug":"governo-bolsonaro-recua-sobre-isencao-de-vistos-para-chineses","status":"publish","type":"post","link":"https:\/\/www.brazilianpress.com\/v1\/2020\/01\/30\/governo-bolsonaro-recua-sobre-isencao-de-vistos-para-chineses\/","title":{"rendered":"Governo Bolsonaro recua sobre isen\u00e7\u00e3o de vistos para chineses"},"content":{"rendered":"<p>O governo Bolsonaro recuou do an\u00fancio de isen\u00e7\u00e3o de vistos para chineses, feito pelo presidente Jair Bolsonaro em visita oficial a Pequim, em outubro, e disse no s\u00e1bado (25) que a proposta est\u00e1 sendo estudada pelo Itamaraty.<\/p>\n<p>A afirma\u00e7\u00e3o foi feita pelo deputado Eduardo Bolsonaro, que representou o pai em conversa com jornalistas ap\u00f3s um banquete oferecido pelo governo da \u00cdndia \u00e0 comitiva do presidente Jair Bolsonaro, em Nova D\u00e9li. O deputado participou dos restritos encontros bilaterais de Bolsonaro com o primeiro ministro Narendra Modi e o presidente indiano Ram Nath Kovind.<\/p>\n<p>&#8220;Os dois (isen\u00e7\u00e3o de vistos para chineses e indianos) est\u00e3o meio que sendo trabalhados ao mesmo tempo&#8221;, disse o deputado, ap\u00f3s ser perguntado sobre a situa\u00e7\u00e3o do plano de isentar indianos da necessidade de vistos. A decis\u00e3o em rela\u00e7\u00e3o aos chineses era dada como certa em entrevistas do presidente, do ministro de rela\u00e7\u00f5es exteriores, Ernesto Araujo, e nos ve\u00edculos da imprensa oficial.<\/p>\n<p>Agora, Eduardo Bolsonaro disse que &#8220;os dois est\u00e3o em estudo&#8221; e que &#8220;n\u00e3o h\u00e1 um prazo&#8221; para o an\u00fancio. &#8220;Na minha vis\u00e3o como deputado, n\u00f3s \u00e9 que vamos nos aproveitar dessa situa\u00e7\u00e3o, eles \u00e9 que v\u00e3o gastar os d\u00f3lares l\u00e1. A gente s\u00f3 precisa tomar cuidado com os efeitos reflexos disso&#8221;, afirmou, dizendo que indianos &#8220;dificilmente v\u00e3o entrar no Brasil como turistas e depois ficar no pa\u00eds&#8221;. A reportagem perguntou que preocupa\u00e7\u00f5es est\u00e3o na mesa.<\/p>\n<p>&#8220;Deixa eu pensar, calma a\u00ed. Eu n\u00e3o posso dar bola fora, n\u00e3o&#8221;, respondeu o deputado. &#8220;A pol\u00edcia federal com certeza entra nesse meio, mas acredito que os dois pa\u00edses convergem no combate ao terrorismo, s\u00e3o bem contundentes nas declara\u00e7\u00f5es e t\u00eam votado de forma semelhante, inclusive na ONU&#8221;. Em dezembro, a BBC News Brasil revelou que telegramas diplom\u00e1ticos mostravam que o Itamaraty priorizava a mudan\u00e7a no regime de vistos para passaportes emitidos pelo governo de Taiwan \u2014 e que n\u00e3o havia qualquer iniciativa para estender o benef\u00edcio a chineses ou indianos.<\/p>\n<p>O governo de Taiwan n\u00e3o \u00e9 reconhecido oficialmente pela Rep\u00fablica Popular China (RPC), como \u00e9 chamada a China continental. Por isso, qualquer gesto diplom\u00e1tico na dire\u00e7\u00e3o do governo da ilha \u00e9 visto com desconfian\u00e7a pelas autoridades chinesas. Bolsonaro havia anunciado que concederia a isen\u00e7\u00e3o para cidad\u00e3os da China na volta de jantar com CEOs em Pequim. Sobre os indianos, o presidente foi menos enf\u00e1tico e disse que o &#8220;governo deve adotar o mesmo processo&#8221;. Na pr\u00e1tica, quando o governo diz que vai &#8220;isentar uma na\u00e7\u00e3o de vistos&#8221;, ele est\u00e1 considerando que os pa\u00edses passariam a ter direito ao visto eletr\u00f4nico brasileiro. Ao contr\u00e1rio do visto normal, exigido hoje, o visto eletr\u00f4nico dispensa a necessidade de passar por uma entrevista presencial em um consulado. Tamb\u00e9m costuma ser emitido com mais rapidez e com custo menor que o documento f\u00edsico.<\/p>\n","protected":false},"excerpt":{"rendered":"<p>O governo Bolsonaro recuou do an\u00fancio de isen\u00e7\u00e3o de vistos para chineses, feito pelo presidente Jair Bolsonaro em visita oficial a Pequim, em outubro, e disse no s\u00e1bado (25) que a proposta est\u00e1 sendo estudada pelo Itamaraty. A afirma\u00e7\u00e3o foi feita pelo deputado Eduardo Bolsonaro, que representou o pai em conversa com jornalistas ap\u00f3s um banquete oferecido pelo governo da \u00cdndia \u00e0 comitiva do presidente Jair Bolsonaro, em Nova D\u00e9li. O deputado participou dos restritos encontros bilaterais de Bolsonaro com o primeiro ministro Narendra Modi e o presidente indiano Ram Nath Kovind. &#8220;Os dois (isen\u00e7\u00e3o de vistos para chineses e [&hellip;]<\/p>\n","protected":false},"author":1,"featured_media":42964,"comment_status":"open","ping_status":"open","sticky":false,"template":"","format":"standard","meta":{"_links_to":"","_links_to_target":""},"categories":[7,1],"tags":[],"views":2193,"_links":{"self":[{"href":"https:\/\/www.brazilianpress.com\/v1\/wp-json\/wp\/v2\/posts\/42963"}],"collection":[{"href":"https:\/\/www.brazilianpress.com\/v1\/wp-json\/wp\/v2\/posts"}],"about":[{"href":"https:\/\/www.brazilianpress.com\/v1\/wp-json\/wp\/v2\/types\/post"}],"author":[{"embeddable":true,"href":"https:\/\/www.brazilianpress.com\/v1\/wp-json\/wp\/v2\/users\/1"}],"replies":[{"embeddable":true,"href":"https:\/\/www.brazilianpress.com\/v1\/wp-json\/wp\/v2\/comments?post=42963"}],"version-history":[{"count":1,"href":"https:\/\/www.brazilianpress.com\/v1\/wp-json\/wp\/v2\/posts\/42963\/revisions"}],"predecessor-version":[{"id":42965,"href":"https:\/\/www.brazilianpress.com\/v1\/wp-json\/wp\/v2\/posts\/42963\/revisions\/42965"}],"wp:featuredmedia":[{"embeddable":true,"href":"https:\/\/www.brazilianpress.com\/v1\/wp-json\/wp\/v2\/media\/42964"}],"wp:attachment":[{"href":"https:\/\/www.brazilianpress.com\/v1\/wp-json\/wp\/v2\/media?parent=42963"}],"wp:term":[{"taxonomy":"category","embeddable":true,"href":"https:\/\/www.brazilianpress.com\/v1\/wp-json\/wp\/v2\/categories?post=42963"},{"taxonomy":"post_tag","embeddable":true,"href":"https:\/\/www.brazilianpress.com\/v1\/wp-json\/wp\/v2\/tags?post=42963"}],"curies":[{"name":"wp","href":"https:\/\/api.w.org\/{rel}","templated":true}]}}