{"id":43287,"date":"2020-02-27T13:52:38","date_gmt":"2020-02-27T17:52:38","guid":{"rendered":"http:\/\/www.brazilianpress.com\/v1\/?p=43287"},"modified":"2020-02-27T13:52:38","modified_gmt":"2020-02-27T17:52:38","slug":"ny-nega-acesso-do-ice-ao-banco-de-dados-de-imigrantes","status":"publish","type":"post","link":"https:\/\/www.brazilianpress.com\/v1\/2020\/02\/27\/ny-nega-acesso-do-ice-ao-banco-de-dados-de-imigrantes\/","title":{"rendered":"NY nega acesso do ICE ao banco de dados de imigrantes"},"content":{"rendered":"<p>O governador democrata de New York, Andrew Cuomo, reiterou que n\u00e3o permitir\u00e1 que o banco de dados do Departamento de Estado dos Ve\u00edculos a Motor seja usado para fins migrat\u00f3rios ao responder a ataques do diretor interino do Servi\u00e7o de Imigra\u00e7\u00e3o e Alf\u00e2ndega (ICE) Matthew Albence (foto).<\/p>\n<p>&#8220;Dissemos desde o primeiro dia que nunca permitiremos que o banco de dados do nosso departamento de ve\u00edculos seja usado para fins de imigra\u00e7\u00e3o&#8221;, disse ele em comunicado ap\u00f3s a visita de Albence a New York, que novamente atacou o estado por ter a lei mais forte para proteger os migrantes sem documentos, para os quais eles permitem carta de condu\u00e7\u00e3o desde 16 de dezembro passado sob a &#8220;Lei Verde&#8221;. &#8220;O governo Trump tem aumentado suas amea\u00e7as para manter os nova-iorquinos ref\u00e9ns de sua demanda de entregar o banco de dados DMV para uso do ICE e da Patrulha de Fronteira para ajudar na deporta\u00e7\u00e3o de fam\u00edlias sem documentos&#8221;, disse Cuomo.<\/p>\n<p>Como resultado da recusa de New York, o governo do presidente Donald Trump suspendeu o acesso dos nova-iorquinos ao programa &#8220;Global Entry&#8221;, que acelera os procedimentos para entrar no pa\u00eds em aeroportos e fronteiras., Depois de receber a aprova\u00e7\u00e3o antecipadamente das autoridades. A Administra\u00e7\u00e3o Cuomo considera uma repres\u00e1lia a New York por ser uma cidade &#8220;santu\u00e1rio&#8221; para migrantes sem documentos e respondeu processando o Departamento de Seguran\u00e7a Nacional em tribunal. Albence disse durante sua visita a New York na quinta-feira que o \u00fanico &#8220;mais perigoso&#8221; que o &#8220;Green Light&#8221; \u00e9 retirar os agentes de suas ruas e disse que New York \u00e9 o \u00fanico estado que os excluiu completamente do acesso a informa\u00e7\u00e3o.<\/p>\n<p>Um total de 15 estados, al\u00e9m de Porto Rico e do Distrito de Columbia, concede carteira de motorista a migrantes sem documentos. O diretor interino do ICE tamb\u00e9m se dirigiu aos legisladores estaduais, de maioria democrata, para afirmar que a aprova\u00e7\u00e3o da lei foi &#8220;imprudente, irrespons\u00e1vel, desnecess\u00e1ria e perigosa&#8221;. &#8220;Todas as situa\u00e7\u00f5es que eles levantaram foram respondidas. Podemos fornecer informa\u00e7\u00f5es confi\u00e1veis \u200b\u200bsobre viagens. Podemos fornecer informa\u00e7\u00f5es para a ind\u00fastria de exporta\u00e7\u00e3o de autom\u00f3veis&#8221;. Cuomo disse reiterar que &#8220;o que eles realmente querem e n\u00e3o podem fornecer \u00e9 o uso dos dados do DMV para fins de imigra\u00e7\u00e3o &#8220;. &#8220;Sua extors\u00e3o e intimida\u00e7\u00e3o n\u00e3o funcionar\u00e3o em New York&#8221;, disse ele. Ele disse que, como \u00f3rg\u00e3os policiais locais, estaduais e nacionais, eles t\u00eam acesso a esse banco de dados &#8220;e como o dano sub-rept\u00edcio potencial \u00e9 real&#8221; est\u00e1 explorando alternativas para minimizar os danos causados \u200b\u200bpelo uso n\u00e3o autorizado dessas informa\u00e7\u00f5es, como a elimina\u00e7\u00e3o de n\u00fameros de seguro social, que poderia ser usado para provar o status legal de quem possui carteira de motorista. Ele tamb\u00e9m avalia aumentar a multa pelo uso n\u00e3o autorizado do banco de dados do Departamento de Ve\u00edculos Motorizados.<\/p>\n","protected":false},"excerpt":{"rendered":"<p>O governador democrata de New York, Andrew Cuomo, reiterou que n\u00e3o permitir\u00e1 que o banco de dados do Departamento de Estado dos Ve\u00edculos a Motor seja usado para fins migrat\u00f3rios ao responder a ataques do diretor interino do Servi\u00e7o de Imigra\u00e7\u00e3o e Alf\u00e2ndega (ICE) Matthew Albence (foto). &#8220;Dissemos desde o primeiro dia que nunca permitiremos que o banco de dados do nosso departamento de ve\u00edculos seja usado para fins de imigra\u00e7\u00e3o&#8221;, disse ele em comunicado ap\u00f3s a visita de Albence a New York, que novamente atacou o estado por ter a lei mais forte para proteger os migrantes sem documentos, [&hellip;]<\/p>\n","protected":false},"author":1,"featured_media":43288,"comment_status":"open","ping_status":"open","sticky":false,"template":"","format":"standard","meta":{"_links_to":"","_links_to_target":""},"categories":[3,1,10],"tags":[],"views":1999,"_links":{"self":[{"href":"https:\/\/www.brazilianpress.com\/v1\/wp-json\/wp\/v2\/posts\/43287"}],"collection":[{"href":"https:\/\/www.brazilianpress.com\/v1\/wp-json\/wp\/v2\/posts"}],"about":[{"href":"https:\/\/www.brazilianpress.com\/v1\/wp-json\/wp\/v2\/types\/post"}],"author":[{"embeddable":true,"href":"https:\/\/www.brazilianpress.com\/v1\/wp-json\/wp\/v2\/users\/1"}],"replies":[{"embeddable":true,"href":"https:\/\/www.brazilianpress.com\/v1\/wp-json\/wp\/v2\/comments?post=43287"}],"version-history":[{"count":1,"href":"https:\/\/www.brazilianpress.com\/v1\/wp-json\/wp\/v2\/posts\/43287\/revisions"}],"predecessor-version":[{"id":43289,"href":"https:\/\/www.brazilianpress.com\/v1\/wp-json\/wp\/v2\/posts\/43287\/revisions\/43289"}],"wp:featuredmedia":[{"embeddable":true,"href":"https:\/\/www.brazilianpress.com\/v1\/wp-json\/wp\/v2\/media\/43288"}],"wp:attachment":[{"href":"https:\/\/www.brazilianpress.com\/v1\/wp-json\/wp\/v2\/media?parent=43287"}],"wp:term":[{"taxonomy":"category","embeddable":true,"href":"https:\/\/www.brazilianpress.com\/v1\/wp-json\/wp\/v2\/categories?post=43287"},{"taxonomy":"post_tag","embeddable":true,"href":"https:\/\/www.brazilianpress.com\/v1\/wp-json\/wp\/v2\/tags?post=43287"}],"curies":[{"name":"wp","href":"https:\/\/api.w.org\/{rel}","templated":true}]}}