{"id":43303,"date":"2020-02-27T19:11:51","date_gmt":"2020-02-27T23:11:51","guid":{"rendered":"http:\/\/www.brazilianpress.com\/v1\/?p=43303"},"modified":"2020-02-27T19:11:51","modified_gmt":"2020-02-27T23:11:51","slug":"flamengo-x-del-valle-rafinha-corre-no-campo-e-da-esperanca-para-a-final-da-recopa","status":"publish","type":"post","link":"https:\/\/www.brazilianpress.com\/v1\/2020\/02\/27\/flamengo-x-del-valle-rafinha-corre-no-campo-e-da-esperanca-para-a-final-da-recopa\/","title":{"rendered":"Flamengo x Del Valle: Rafinha corre no campo e d\u00e1 esperan\u00e7a para a final da Recopa"},"content":{"rendered":"<p>H\u00e1 esperan\u00e7a no Flamengo para ter Rafinha contra o Independiente Del Valle, na decis\u00e3o da Recopa. Nesta ter\u00e7a-feira, o lateral-direito foi a campo e realizou um trabalho leve, correndo ao redor do gramado.<\/p>\n<p>Rafinha se recupera de uma pequena les\u00e3o na coxa esquerda e ficou fora da final da Ta\u00e7a Guanabara, no \u00faltimo s\u00e1bado, diante do Boavista. Na segunda-feira, na reapresenta\u00e7\u00e3o do elenco, n\u00e3o foi a campo.<\/p>\n<p>O jogador tem mostrado tranquilidade nos bastidores, e pessoas pr\u00f3ximas a ele acreditam que ele ter\u00e1 condi\u00e7\u00f5es de ir a campo. Ele completou oito meses de Flamengo nesta ter\u00e7a-feira e pode conquistar seu quinto t\u00edtulo (antes, levantou Libertadores, Brasileir\u00e3o, Supercopa do Brasil e Ta\u00e7a Guanabara) pelo clube, uma m\u00e9dia de uma ta\u00e7a a cada dois meses desde que chegou.<\/p>\n<p><strong>Bruno Henrique e Rodrigo Caio seguem tratamento<\/strong><\/p>\n<p>Outras duas d\u00favidas de Jorge Jesus, Bruno Henrique e Rodrigo Caio n\u00e3o foram a campo. Eles realizaram tratamento no departamento m\u00e9dico e fizeram um treino f\u00edsico leve na academia. A presen\u00e7a da dupla \u00e9 considerada bastante improv\u00e1vel na Recopa. Bruno Henrique tem uma les\u00e3o no ligamento colateral lateral do joelho direito, e Rodrigo Caio sofreu uma les\u00e3o na coxa esquerda. Flamengo e Independiente del Valle se enfrentam nesta quarta-feira, \u00e0s 21h30 (de Bras\u00edlia), no Maracan\u00e3. No jogo de ida, empataram em 2 a 2. N\u00e3o h\u00e1 crit\u00e9rio de gol fora na Recopa &#8211; em caso de novo empate, a partida ir\u00e1 para a prorroga\u00e7\u00e3o.<\/p>\n","protected":false},"excerpt":{"rendered":"<p>H\u00e1 esperan\u00e7a no Flamengo para ter Rafinha contra o Independiente Del Valle, na decis\u00e3o da Recopa. Nesta ter\u00e7a-feira, o lateral-direito foi a campo e realizou um trabalho leve, correndo ao redor do gramado. Rafinha se recupera de uma pequena les\u00e3o na coxa esquerda e ficou fora da final da Ta\u00e7a Guanabara, no \u00faltimo s\u00e1bado, diante do Boavista. Na segunda-feira, na reapresenta\u00e7\u00e3o do elenco, n\u00e3o foi a campo. O jogador tem mostrado tranquilidade nos bastidores, e pessoas pr\u00f3ximas a ele acreditam que ele ter\u00e1 condi\u00e7\u00f5es de ir a campo. Ele completou oito meses de Flamengo nesta ter\u00e7a-feira e pode conquistar seu [&hellip;]<\/p>\n","protected":false},"author":1,"featured_media":43304,"comment_status":"open","ping_status":"open","sticky":false,"template":"","format":"standard","meta":{"_links_to":"","_links_to_target":""},"categories":[9,1],"tags":[],"views":1282,"_links":{"self":[{"href":"https:\/\/www.brazilianpress.com\/v1\/wp-json\/wp\/v2\/posts\/43303"}],"collection":[{"href":"https:\/\/www.brazilianpress.com\/v1\/wp-json\/wp\/v2\/posts"}],"about":[{"href":"https:\/\/www.brazilianpress.com\/v1\/wp-json\/wp\/v2\/types\/post"}],"author":[{"embeddable":true,"href":"https:\/\/www.brazilianpress.com\/v1\/wp-json\/wp\/v2\/users\/1"}],"replies":[{"embeddable":true,"href":"https:\/\/www.brazilianpress.com\/v1\/wp-json\/wp\/v2\/comments?post=43303"}],"version-history":[{"count":1,"href":"https:\/\/www.brazilianpress.com\/v1\/wp-json\/wp\/v2\/posts\/43303\/revisions"}],"predecessor-version":[{"id":43305,"href":"https:\/\/www.brazilianpress.com\/v1\/wp-json\/wp\/v2\/posts\/43303\/revisions\/43305"}],"wp:featuredmedia":[{"embeddable":true,"href":"https:\/\/www.brazilianpress.com\/v1\/wp-json\/wp\/v2\/media\/43304"}],"wp:attachment":[{"href":"https:\/\/www.brazilianpress.com\/v1\/wp-json\/wp\/v2\/media?parent=43303"}],"wp:term":[{"taxonomy":"category","embeddable":true,"href":"https:\/\/www.brazilianpress.com\/v1\/wp-json\/wp\/v2\/categories?post=43303"},{"taxonomy":"post_tag","embeddable":true,"href":"https:\/\/www.brazilianpress.com\/v1\/wp-json\/wp\/v2\/tags?post=43303"}],"curies":[{"name":"wp","href":"https:\/\/api.w.org\/{rel}","templated":true}]}}