{"id":43306,"date":"2020-02-27T19:13:43","date_gmt":"2020-02-27T23:13:43","guid":{"rendered":"http:\/\/www.brazilianpress.com\/v1\/?p=43306"},"modified":"2020-02-27T19:13:43","modified_gmt":"2020-02-27T23:13:43","slug":"fora-de-viagem-tardelli-faz-treino-fisico-na-cidade-do-galo-para-acertar-estreia-no-atletico-mg","status":"publish","type":"post","link":"https:\/\/www.brazilianpress.com\/v1\/2020\/02\/27\/fora-de-viagem-tardelli-faz-treino-fisico-na-cidade-do-galo-para-acertar-estreia-no-atletico-mg\/","title":{"rendered":"Fora de viagem, Tardelli faz treino f\u00edsico na Cidade do Galo para acertar estreia no Atl\u00e9tico-MG"},"content":{"rendered":"<p>O Atl\u00e9tico-MG j\u00e1 est\u00e1 a caminho de Afogados da Ingazeira, no sert\u00e3o pernambucano, para o compromisso pela segunda fase da Copa do Brasil. Quem n\u00e3o pegou o voo foi Diego Tardelli. O atacante, a mais recente contrata\u00e7\u00e3o do Galo e a \u00fanica que n\u00e3o estreou, ficou em Belo Horizonte para um treino f\u00edsico visando a nova estreia pelo clube mineiro. A expectativa \u00e9 que ele jogue contra o Cruzeiro, em 7 de mar\u00e7o, pelo Estadual.<\/p>\n<p>O jogador, em sua apresenta\u00e7\u00e3o oficial na semana passada, no Mineir\u00e3o, havia tra\u00e7ado como prazo para estar melhor fisicamente de duas semanas a duas semanas e meia. Ele participou de treinos ao lado dos demais companheiros, de chuteira. Nesta ter\u00e7a, o jogador postou imagens no Instagram do treino, pedalando na bicicleta da academia e, posteriormente, ao lado do preparador f\u00edsico Luis Ot\u00e1vio Kalil.<\/p>\n<p>Tardelli chegou ao Atl\u00e9tico ap\u00f3s participar do come\u00e7o da pr\u00e9-temporada do Gr\u00eamio, mas rescindiu o contrato em 16 de janeiro e, desde ent\u00e3o, vinha fazendo atividades por conta pr\u00f3pria. Sem limita\u00e7\u00f5es para participar das atividades no CT comandadas por Dudamel, \u00e9 poss\u00edvel vislumbrar que o atacante esteja com a delega\u00e7\u00e3o j\u00e1 na viagem para Varginha, domingo, quando o Galo encara o Boa Esporte no Campeonato Mineiro.<\/p>\n<p>Seria um teste para ganhar ritmo de jogo antes do duelo contra o rival Cruzeiro, no Mineir\u00e3o, em 7 de mar\u00e7o. Ap\u00f3s o cl\u00e1ssico, o Galo ainda pode ter compromisso na Copa do Brasil (se for classificado) diante da Ponte Preta ou Vila Nova, no dia 11 de mar\u00e7o. Al\u00e9m de Diego Tardelli, o Atl\u00e9tico n\u00e3o contou com R\u00e9ver e Patric (problemas na coxa em ambos) para a viagem at\u00e9 Afogados, que envolveu voo fretado nesta ter\u00e7a-feira para Juazeiro do Norte, Cear\u00e1, e complemento do trajeto via \u00f4nibus. O Galo encara o Afogados, em jogo \u00fanico da Copa do Brasil, \u00e0s 21h30 (de Bras\u00edlia) desta quarta-feira, no Vian\u00e3o.<\/p>\n","protected":false},"excerpt":{"rendered":"<p>O Atl\u00e9tico-MG j\u00e1 est\u00e1 a caminho de Afogados da Ingazeira, no sert\u00e3o pernambucano, para o compromisso pela segunda fase da Copa do Brasil. Quem n\u00e3o pegou o voo foi Diego Tardelli. O atacante, a mais recente contrata\u00e7\u00e3o do Galo e a \u00fanica que n\u00e3o estreou, ficou em Belo Horizonte para um treino f\u00edsico visando a nova estreia pelo clube mineiro. A expectativa \u00e9 que ele jogue contra o Cruzeiro, em 7 de mar\u00e7o, pelo Estadual. O jogador, em sua apresenta\u00e7\u00e3o oficial na semana passada, no Mineir\u00e3o, havia tra\u00e7ado como prazo para estar melhor fisicamente de duas semanas a duas semanas [&hellip;]<\/p>\n","protected":false},"author":1,"featured_media":43307,"comment_status":"open","ping_status":"open","sticky":false,"template":"","format":"standard","meta":{"_links_to":"","_links_to_target":""},"categories":[9,1],"tags":[],"views":1322,"_links":{"self":[{"href":"https:\/\/www.brazilianpress.com\/v1\/wp-json\/wp\/v2\/posts\/43306"}],"collection":[{"href":"https:\/\/www.brazilianpress.com\/v1\/wp-json\/wp\/v2\/posts"}],"about":[{"href":"https:\/\/www.brazilianpress.com\/v1\/wp-json\/wp\/v2\/types\/post"}],"author":[{"embeddable":true,"href":"https:\/\/www.brazilianpress.com\/v1\/wp-json\/wp\/v2\/users\/1"}],"replies":[{"embeddable":true,"href":"https:\/\/www.brazilianpress.com\/v1\/wp-json\/wp\/v2\/comments?post=43306"}],"version-history":[{"count":1,"href":"https:\/\/www.brazilianpress.com\/v1\/wp-json\/wp\/v2\/posts\/43306\/revisions"}],"predecessor-version":[{"id":43308,"href":"https:\/\/www.brazilianpress.com\/v1\/wp-json\/wp\/v2\/posts\/43306\/revisions\/43308"}],"wp:featuredmedia":[{"embeddable":true,"href":"https:\/\/www.brazilianpress.com\/v1\/wp-json\/wp\/v2\/media\/43307"}],"wp:attachment":[{"href":"https:\/\/www.brazilianpress.com\/v1\/wp-json\/wp\/v2\/media?parent=43306"}],"wp:term":[{"taxonomy":"category","embeddable":true,"href":"https:\/\/www.brazilianpress.com\/v1\/wp-json\/wp\/v2\/categories?post=43306"},{"taxonomy":"post_tag","embeddable":true,"href":"https:\/\/www.brazilianpress.com\/v1\/wp-json\/wp\/v2\/tags?post=43306"}],"curies":[{"name":"wp","href":"https:\/\/api.w.org\/{rel}","templated":true}]}}