{"id":43309,"date":"2020-02-27T19:16:04","date_gmt":"2020-02-27T23:16:04","guid":{"rendered":"http:\/\/www.brazilianpress.com\/v1\/?p=43309"},"modified":"2020-02-27T19:16:04","modified_gmt":"2020-02-27T23:16:04","slug":"suspeito-de-vazar-dados-de-investigacao-e-desviar-recursos-do-cruzeiro-advogado-sofre-infarto-fulminante","status":"publish","type":"post","link":"https:\/\/www.brazilianpress.com\/v1\/2020\/02\/27\/suspeito-de-vazar-dados-de-investigacao-e-desviar-recursos-do-cruzeiro-advogado-sofre-infarto-fulminante\/","title":{"rendered":"Suspeito de vazar dados de investiga\u00e7\u00e3o e desviar recursos do Cruzeiro, advogado sofre infarto fulminante"},"content":{"rendered":"<p>Investigado pela Pol\u00edcia Federal pelo vazamento de dados de investiga\u00e7\u00e3o\u00a0e suspeito de\u00a0desviar recursos a partir do departamento jur\u00eddico do Cruzeiro, o advogado, conselheiro nato e ex-superintendente jur\u00eddico do clube, Ildeu da Cunha Pereira Sobrinho, faleceu na madrugada desta ter\u00e7a-feira ap\u00f3s sofrer um infarto fulminante na Regi\u00e3o Metropolitana de Belo Horizonte. Ele tinha 58 anos.<\/p>\n<p>A informa\u00e7\u00e3o chegou a membros do conselho gestor cruzeirense e tamb\u00e9m foi comunicada a conselheiros do clube mineiro. Ela foi confirmada ao\u00a0GloboEsporte.com. O sepultamento ocorrer\u00e1 em Abaet\u00e9-MG. As suspeitas sobre o vazamento de dados a Ildeu Pereira foram levantadas durante as Opera\u00e7\u00f5es Capitu e Escobar,\u00a0que chegaram a prender o advogado por envolvimento em esquema de vazamentos de opera\u00e7\u00f5es da Pol\u00edcia Federal. Os relat\u00f3rios foram enviados ao Superior Tribunal de Justi\u00e7a (STJ), em julho de 2019, e correm em sigilo.<\/p>\n<p>Ildeu tamb\u00e9m era investigado por desvio de recursos a partir do departamento jur\u00eddico do Cruzeiro. Nos documentos, a Pol\u00edcia Federal afirmou que Ildeu \u201cutilizava mecanismos de oculta\u00e7\u00e3o\u201d para repassar valores recebidos pelo Cruzeiro a \u201cbenefici\u00e1rios\u201d. Um dos favorecidos seria Fabiano de Oliveira Costa, ex-vice jur\u00eddico e desligado do clube no in\u00edcio desse ano. Em arquivos apreendidos no computador de Ildeu, o nome de Fabiano aparecia na contabilidade do escrit\u00f3rio do ex-superintendente como benefici\u00e1rio de transa\u00e7\u00f5es que ultrapassam R$ 300 mil no per\u00edodo de um ano. Segundo a Pol\u00edcia Federal, o esquema obedecia \u00e0 seguinte l\u00f3gica: Ildeu Pereira emitia notas ficais ao Cruzeiro por servi\u00e7os de advocacia. Quando o clube o pagava, parte do valor voltava para Fabiano. Como indicam os di\u00e1logos interceptados pela Pol\u00edcia Federal, com autoriza\u00e7\u00e3o judicial.<\/p>\n<p>Segundo a Pol\u00edcia Federal, a suspeita \u00e9 de que a ent\u00e3o esposa de Ildeu da Cunha, Laryssa Kar Zan Cunha Pereira, devolvia o valor para Fabiano por outros meios, como mostram planilhas apreendidas no computador do advogado. Em 2018, Ildeu recebeu do Cruzeiro quase R$ 700 mil. Deste valor, R$ 320 mil s\u00e3o referentes a um contrato para ele intermediar acordo com um empres\u00e1rio, credor do clube, que tinha R$ 10 milh\u00f5es a receber do time mineiro. Segundo as investiga\u00e7\u00f5es, o contrato seria de fachada, e a intermedia\u00e7\u00e3o era desnecess\u00e1ria, pois esse empres\u00e1rio tinha rela\u00e7\u00e3o direta com o Cruzeiro. As conversas interceptadas pela Pol\u00edcia Federal, com autoriza\u00e7\u00e3o judicial, mostram que Ildeu, que tinha o compromisso de atuar a favor do Cruzeiro, firmado em contrato, estava incentivando o credor a entrar na Justi\u00e7a contra o clube. O advogado foi superintendente jur\u00eddico do clube mineiro na era Zez\u00e9 Perrella. Na era Wagner Pires, Ildeu da Cunha Pereira Sobrinho possu\u00eda contrato assinado com o clube, com in\u00edcio em 6 de dezembro de 2018 e validade at\u00e9 10 de dezembro de 2019, pelo qual recebe R$ 3.729 por m\u00eas. Ele prestava \u201cservi\u00e7o de consultoria jur\u00eddica\u201d, de acordo com o documento. Conforme o estatuto cruzeirense, n\u00e3o poderia manter o cargo e tamb\u00e9m ser remunerado.<\/p>\n","protected":false},"excerpt":{"rendered":"<p>Investigado pela Pol\u00edcia Federal pelo vazamento de dados de investiga\u00e7\u00e3o\u00a0e suspeito de\u00a0desviar recursos a partir do departamento jur\u00eddico do Cruzeiro, o advogado, conselheiro nato e ex-superintendente jur\u00eddico do clube, Ildeu da Cunha Pereira Sobrinho, faleceu na madrugada desta ter\u00e7a-feira ap\u00f3s sofrer um infarto fulminante na Regi\u00e3o Metropolitana de Belo Horizonte. Ele tinha 58 anos. A informa\u00e7\u00e3o chegou a membros do conselho gestor cruzeirense e tamb\u00e9m foi comunicada a conselheiros do clube mineiro. Ela foi confirmada ao\u00a0GloboEsporte.com. O sepultamento ocorrer\u00e1 em Abaet\u00e9-MG. As suspeitas sobre o vazamento de dados a Ildeu Pereira foram levantadas durante as Opera\u00e7\u00f5es Capitu e Escobar,\u00a0que chegaram [&hellip;]<\/p>\n","protected":false},"author":1,"featured_media":43310,"comment_status":"open","ping_status":"open","sticky":false,"template":"","format":"standard","meta":{"_links_to":"","_links_to_target":""},"categories":[9,1],"tags":[],"views":1489,"_links":{"self":[{"href":"https:\/\/www.brazilianpress.com\/v1\/wp-json\/wp\/v2\/posts\/43309"}],"collection":[{"href":"https:\/\/www.brazilianpress.com\/v1\/wp-json\/wp\/v2\/posts"}],"about":[{"href":"https:\/\/www.brazilianpress.com\/v1\/wp-json\/wp\/v2\/types\/post"}],"author":[{"embeddable":true,"href":"https:\/\/www.brazilianpress.com\/v1\/wp-json\/wp\/v2\/users\/1"}],"replies":[{"embeddable":true,"href":"https:\/\/www.brazilianpress.com\/v1\/wp-json\/wp\/v2\/comments?post=43309"}],"version-history":[{"count":1,"href":"https:\/\/www.brazilianpress.com\/v1\/wp-json\/wp\/v2\/posts\/43309\/revisions"}],"predecessor-version":[{"id":43311,"href":"https:\/\/www.brazilianpress.com\/v1\/wp-json\/wp\/v2\/posts\/43309\/revisions\/43311"}],"wp:featuredmedia":[{"embeddable":true,"href":"https:\/\/www.brazilianpress.com\/v1\/wp-json\/wp\/v2\/media\/43310"}],"wp:attachment":[{"href":"https:\/\/www.brazilianpress.com\/v1\/wp-json\/wp\/v2\/media?parent=43309"}],"wp:term":[{"taxonomy":"category","embeddable":true,"href":"https:\/\/www.brazilianpress.com\/v1\/wp-json\/wp\/v2\/categories?post=43309"},{"taxonomy":"post_tag","embeddable":true,"href":"https:\/\/www.brazilianpress.com\/v1\/wp-json\/wp\/v2\/tags?post=43309"}],"curies":[{"name":"wp","href":"https:\/\/api.w.org\/{rel}","templated":true}]}}