{"id":43312,"date":"2020-02-27T19:18:40","date_gmt":"2020-02-27T23:18:40","guid":{"rendered":"http:\/\/www.brazilianpress.com\/v1\/?p=43312"},"modified":"2020-02-27T19:18:40","modified_gmt":"2020-02-27T23:18:40","slug":"dez-suspeitos-da-morte-de-jornalista-brasileiro-sao-presos-no-paraguai","status":"publish","type":"post","link":"https:\/\/www.brazilianpress.com\/v1\/2020\/02\/27\/dez-suspeitos-da-morte-de-jornalista-brasileiro-sao-presos-no-paraguai\/","title":{"rendered":"Dez suspeitos da morte de jornalista brasileiro s\u00e3o presos no Paraguai"},"content":{"rendered":"<p>Mega-opera\u00e7\u00e3o policial em San Juan Caballero, no\u00a0Paraguai,\u00a0prendeu no s\u00e1bado dez pessoas suspeitas de envolvimento com o crime organizado, o tr\u00e1fico de armas e assassinatos, entre os quais o do jornalista brasileiro\u00a0Louren\u00e7o Veras, propriet\u00e1rio do portal Por\u00e3 News, na noite de 12 de fevereiro. Entre os detidos est\u00e3o tr\u00eas brasileiros: Luis Fernando Leite Nunez, San\u00e7\u00e3o de Sousa e Leonardo de Sousa Concepci\u00f3n, segundo o jornal paraguaio\u00a0ABC Color.<\/p>\n<p>A opera\u00e7\u00e3o foi conduzida por agentes do Departamento Contra o Crime Organizado e promotores do Minist\u00e9rio P\u00fablico paraguaio. Houve apreens\u00f5es de quatro pistolas Glock calibre 9mm, o mesmo tipo de arma usada na execu\u00e7\u00e3o de Veras, informou a Associa\u00e7\u00e3o Brasileira de Jornalismo Investigativo (Abraji). Tamb\u00e9m foi encontrado cinco ve\u00edculos, entre os quais um Jeep Renegate branco que pode ter sido usado no assassinato, escopetas, rev\u00f3lveres, muni\u00e7\u00f5es, telefones celulares e c\u00e2meras de fotografia.<\/p>\n<p>A arma usada na execu\u00e7\u00e3o de Veras foi a mesma usada nos assassinatos de pelo menos outras sete pessoas em Pedro Juan Caballero. Todos os crimes estariam relacionados \u00e0 fac\u00e7\u00e3o paulista\u00a0Primeiro Comando da Capital (PCC), informou a Abraji.<\/p>\n<p>A associa\u00e7\u00e3o relatou que quatro assassinos de aluguel estiveram envolvidos na execu\u00e7\u00e3o do jornalista. Tr\u00eas deles invadiram a casa de Veras, no bairro de Jardim Aurora, em Ponta Por\u00e3, e logo come\u00e7aram a atirar. Ele tentou escapar pelos fundos do im\u00f3vel, mas foi alvejado por 12 tiros e morreu no local.<\/p>\n<p>Todos os ind\u00edcios sugerem que a morte de Veras esteja relacionada ao exerc\u00edcio de sua profiss\u00e3o. Por isso, ser\u00e1 o terceiro assassinato a ser inclu\u00eddo no\u00a0Programa Tim Lopes, desenvolvido pela\u00a0Abraji\u00a0e do qual VEJA faz parte, com o apoio da\u00a0Open Society Foundations, para combater a viol\u00eancia contra jornalistas e a impunidade dos respons\u00e1veis.<\/p>\n<p>Em caso de crimes ligados ao exerc\u00edcio da profiss\u00e3o, uma rede de ve\u00edculos da m\u00eddia tradicional e independente \u00e9 acionada para acompanhar as investiga\u00e7\u00f5es e publicar reportagens sobre as den\u00fancias em que o jornalista trabalhava at\u00e9 ser morto. Al\u00e9m do rep\u00f3rter da Rede Globo assassinado em junho de 2002, que d\u00e1 seu nome ao programa, est\u00e3o inclu\u00eddas as mortes do radialista Jefferson Pureza, de 39 anos, em Edealina Goi\u00e1s, janeiro de 2018, a mando do ex-vereador Jos\u00e9 Eduardo Alves da Silva, que teria pago 5.000 reais e fornecido um\u00a0 rev\u00f3lver.<\/p>\n<p>Outro caso \u00e9 o do\u00a0radialista Jairo de Sousa, morto em 21 de junho de 2018, quando chegava para trabalhar na r\u00e1dio P\u00e9rola FM, em Bragan\u00e7a, no Par\u00e1. O suspeito de ser o mandante \u00e9 o vereador Cesar Monteiro., que teria contratado dez matadores de aluguel por 30.000 reais.<\/p>\n","protected":false},"excerpt":{"rendered":"<p>Mega-opera\u00e7\u00e3o policial em San Juan Caballero, no\u00a0Paraguai,\u00a0prendeu no s\u00e1bado dez pessoas suspeitas de envolvimento com o crime organizado, o tr\u00e1fico de armas e assassinatos, entre os quais o do jornalista brasileiro\u00a0Louren\u00e7o Veras, propriet\u00e1rio do portal Por\u00e3 News, na noite de 12 de fevereiro. Entre os detidos est\u00e3o tr\u00eas brasileiros: Luis Fernando Leite Nunez, San\u00e7\u00e3o de Sousa e Leonardo de Sousa Concepci\u00f3n, segundo o jornal paraguaio\u00a0ABC Color. A opera\u00e7\u00e3o foi conduzida por agentes do Departamento Contra o Crime Organizado e promotores do Minist\u00e9rio P\u00fablico paraguaio. Houve apreens\u00f5es de quatro pistolas Glock calibre 9mm, o mesmo tipo de arma usada na execu\u00e7\u00e3o [&hellip;]<\/p>\n","protected":false},"author":1,"featured_media":43313,"comment_status":"open","ping_status":"open","sticky":false,"template":"","format":"standard","meta":{"_links_to":"","_links_to_target":""},"categories":[8,1],"tags":[],"views":1537,"_links":{"self":[{"href":"https:\/\/www.brazilianpress.com\/v1\/wp-json\/wp\/v2\/posts\/43312"}],"collection":[{"href":"https:\/\/www.brazilianpress.com\/v1\/wp-json\/wp\/v2\/posts"}],"about":[{"href":"https:\/\/www.brazilianpress.com\/v1\/wp-json\/wp\/v2\/types\/post"}],"author":[{"embeddable":true,"href":"https:\/\/www.brazilianpress.com\/v1\/wp-json\/wp\/v2\/users\/1"}],"replies":[{"embeddable":true,"href":"https:\/\/www.brazilianpress.com\/v1\/wp-json\/wp\/v2\/comments?post=43312"}],"version-history":[{"count":1,"href":"https:\/\/www.brazilianpress.com\/v1\/wp-json\/wp\/v2\/posts\/43312\/revisions"}],"predecessor-version":[{"id":43314,"href":"https:\/\/www.brazilianpress.com\/v1\/wp-json\/wp\/v2\/posts\/43312\/revisions\/43314"}],"wp:featuredmedia":[{"embeddable":true,"href":"https:\/\/www.brazilianpress.com\/v1\/wp-json\/wp\/v2\/media\/43313"}],"wp:attachment":[{"href":"https:\/\/www.brazilianpress.com\/v1\/wp-json\/wp\/v2\/media?parent=43312"}],"wp:term":[{"taxonomy":"category","embeddable":true,"href":"https:\/\/www.brazilianpress.com\/v1\/wp-json\/wp\/v2\/categories?post=43312"},{"taxonomy":"post_tag","embeddable":true,"href":"https:\/\/www.brazilianpress.com\/v1\/wp-json\/wp\/v2\/tags?post=43312"}],"curies":[{"name":"wp","href":"https:\/\/api.w.org\/{rel}","templated":true}]}}