{"id":43315,"date":"2020-02-27T19:20:28","date_gmt":"2020-02-27T23:20:28","guid":{"rendered":"http:\/\/www.brazilianpress.com\/v1\/?p=43315"},"modified":"2020-02-27T19:20:28","modified_gmt":"2020-02-27T23:20:28","slug":"governo-da-inglaterra-barrara-imigrantes-nao-qualificados-e-que-nao-falem-ingles","status":"publish","type":"post","link":"https:\/\/www.brazilianpress.com\/v1\/2020\/02\/27\/governo-da-inglaterra-barrara-imigrantes-nao-qualificados-e-que-nao-falem-ingles\/","title":{"rendered":"Governo da Inglaterra barrar\u00e1 imigrantes n\u00e3o qualificados e que n\u00e3o falem ingl\u00eas"},"content":{"rendered":"<p>O recha\u00e7o ao imigrante\u00a0sempre esteve por tr\u00e1s do Brexit, algo que Governo do\u00a0Boris Johnson\u00a0n\u00e3o tardou em confirmar. A ministra do Interior, Priti Patel, apresentar\u00e1 nesta quarta-feira a nova norma que regular\u00e1 o acesso de estrangeiros ao mercado trabalhista do\u00a0Reino Unido\u00a0a partir de janeiro de 2021, e seu departamento j\u00e1 publicou as linhas b\u00e1sicas. Os trabalhadores n\u00e3o qualificados e os que n\u00e3o falem ingl\u00eas passar\u00e3o a ser barrados, numa reviravolta da pol\u00edtica migrat\u00f3ria que irritou o setor empresarial. Acabou-se a m\u00e3o de obra barata e eficaz no setor hoteleiro, na ind\u00fastria e na constru\u00e7\u00e3o civil.<\/p>\n<p>O Governo direitista de Johnson\u00a0n\u00e3o abandona a ret\u00f3rica antieuropeia\u00a0dos \u00faltimos anos e anuncia a recupera\u00e7\u00e3o do \u201ccontrole pleno\u201d das fronteiras do Reino Unido, pondo fim \u00e0 \u201cdistor\u00e7\u00e3o\u201d causada, segundo a vers\u00e3o oficial, pela livre movimenta\u00e7\u00e3o de pessoas na\u00a0Uni\u00e3o Europeia.<\/p>\n<p>O documento que estabelece as linhas da nova pol\u00edtica migrat\u00f3ria ocupa 10 p\u00e1ginas e representa uma revolu\u00e7\u00e3o.\u00a0Veda por completo as fronteiras\u00a0do Reino Unido aos trabalhadores n\u00e3o qualificados. Exige o conhecimento do ingl\u00eas como requisito quase fundamental para ter acesso ao mercado de trabalho brit\u00e2nico. E imp\u00f5e um contrato pr\u00e9vio, cujo sal\u00e1rio dever\u00e1 ser de pelo menos 25.600 libras (144.800 reais) por ano para quem quiser trabalhar em seu territ\u00f3rio. O limite cai para 20.480 libras (115.830 reais) no caso de profissionais especialmente necessitados, como enfermeiros.<\/p>\n<p>Acabou-se a aventura de muitos europeus jovens, e n\u00e3o t\u00e3o jovens, que iam ao Reino Unido em busca de oportunidades.<\/p>\n<p>A publica\u00e7\u00e3o da\u00a0nova pol\u00edtica migrat\u00f3ria\u00a0causou indigna\u00e7\u00e3o e protestos da oposi\u00e7\u00e3o trabalhista e dos setores empresariais que dependem da m\u00e3o de obra estrangeira. A economia brit\u00e2nica se nutriu at\u00e9 agora de pessoal da UE para postos como gar\u00e7ons, funcion\u00e1rios de hot\u00e9is, trabalhadores agr\u00edcolas, oper\u00e1rios de f\u00e1bricas aliment\u00edcias e trabalhadores da ind\u00fastria pesqueira.<\/p>\n<p>\u201cOs empregos que o Governo considera de \u2018baixa qualifica\u00e7\u00e3o\u2019 s\u00e3o vitais para o crescimento e a estabilidade das empresas. Com esta medida fica amea\u00e7ado o fornecimento de todo o pessoal de que precisamos para oferecer servi\u00e7os dos quais a popula\u00e7\u00e3o depende\u201d, disse Tom Hadley, diretor da Confedera\u00e7\u00e3o do Emprego e Recrutamento, uma organiza\u00e7\u00e3o setorial sem fins lucrativos.<\/p>\n<p>A Confedera\u00e7\u00e3o da Ind\u00fastria Brit\u00e2nica, entidade patronal mais importante do pa\u00eds, se mostrou mais prudente em suas cr\u00edticas \u00e0s medidas anunciadas pelo Governo, mas advertiu para os problemas que podem ocasionar em determinados setores. Sua presidenta, Carolyn Fairbairn, elogiou a amplia\u00e7\u00e3o do limite legal ao n\u00famero de trabalhadores altamente qualificados que poder\u00e3o ser admitidos, mas alertou para \u201cas dificuldades que algumas empresas ter\u00e3o para contratar o pessoal do qual necessitam para continuarem ativas\u201d.<\/p>\n<p>A porta-voz de Emprego da oposi\u00e7\u00e3o trabalhista, Diane Abbot, acusou o cinismo que, segundo ela, cerca o an\u00fancio governamental. \u201cA maioria das pessoas que v\u00eam ao Reino Unido hoje j\u00e1 fala ingl\u00eas. Vamos realmente vetar g\u00eanios da\u00a0matem\u00e1tica\u00a0porque seu n\u00edvel de ingl\u00eas n\u00e3o \u00e9 aceit\u00e1vel? \u00c9 uma medida desumana e nociva\u201d, declarou.<\/p>\n<p>O Governo de Johnson contempla a exce\u00e7\u00e3o dos trabalhadores tempor\u00e1rios para temporadas espec\u00edficas na safra agr\u00edcola, mas \u00e9 t\u00edmido nessas cifras. Estabelece uma cota de 10.000 trabalhadores tempor\u00e1rios, muito abaixo dos 70.000 solicitados pelo Sindicato Nacional de Agricultores para a safra de 2021.<\/p>\n<p>&nbsp;<\/p>\n","protected":false},"excerpt":{"rendered":"<p>O recha\u00e7o ao imigrante\u00a0sempre esteve por tr\u00e1s do Brexit, algo que Governo do\u00a0Boris Johnson\u00a0n\u00e3o tardou em confirmar. A ministra do Interior, Priti Patel, apresentar\u00e1 nesta quarta-feira a nova norma que regular\u00e1 o acesso de estrangeiros ao mercado trabalhista do\u00a0Reino Unido\u00a0a partir de janeiro de 2021, e seu departamento j\u00e1 publicou as linhas b\u00e1sicas. Os trabalhadores n\u00e3o qualificados e os que n\u00e3o falem ingl\u00eas passar\u00e3o a ser barrados, numa reviravolta da pol\u00edtica migrat\u00f3ria que irritou o setor empresarial. Acabou-se a m\u00e3o de obra barata e eficaz no setor hoteleiro, na ind\u00fastria e na constru\u00e7\u00e3o civil. O Governo direitista de Johnson\u00a0n\u00e3o abandona [&hellip;]<\/p>\n","protected":false},"author":1,"featured_media":43316,"comment_status":"open","ping_status":"open","sticky":false,"template":"","format":"standard","meta":{"_links_to":"","_links_to_target":""},"categories":[8,1],"tags":[],"views":1690,"_links":{"self":[{"href":"https:\/\/www.brazilianpress.com\/v1\/wp-json\/wp\/v2\/posts\/43315"}],"collection":[{"href":"https:\/\/www.brazilianpress.com\/v1\/wp-json\/wp\/v2\/posts"}],"about":[{"href":"https:\/\/www.brazilianpress.com\/v1\/wp-json\/wp\/v2\/types\/post"}],"author":[{"embeddable":true,"href":"https:\/\/www.brazilianpress.com\/v1\/wp-json\/wp\/v2\/users\/1"}],"replies":[{"embeddable":true,"href":"https:\/\/www.brazilianpress.com\/v1\/wp-json\/wp\/v2\/comments?post=43315"}],"version-history":[{"count":1,"href":"https:\/\/www.brazilianpress.com\/v1\/wp-json\/wp\/v2\/posts\/43315\/revisions"}],"predecessor-version":[{"id":43317,"href":"https:\/\/www.brazilianpress.com\/v1\/wp-json\/wp\/v2\/posts\/43315\/revisions\/43317"}],"wp:featuredmedia":[{"embeddable":true,"href":"https:\/\/www.brazilianpress.com\/v1\/wp-json\/wp\/v2\/media\/43316"}],"wp:attachment":[{"href":"https:\/\/www.brazilianpress.com\/v1\/wp-json\/wp\/v2\/media?parent=43315"}],"wp:term":[{"taxonomy":"category","embeddable":true,"href":"https:\/\/www.brazilianpress.com\/v1\/wp-json\/wp\/v2\/categories?post=43315"},{"taxonomy":"post_tag","embeddable":true,"href":"https:\/\/www.brazilianpress.com\/v1\/wp-json\/wp\/v2\/tags?post=43315"}],"curies":[{"name":"wp","href":"https:\/\/api.w.org\/{rel}","templated":true}]}}