{"id":43318,"date":"2020-02-27T19:23:24","date_gmt":"2020-02-27T23:23:24","guid":{"rendered":"http:\/\/www.brazilianpress.com\/v1\/?p=43318"},"modified":"2020-02-27T19:23:24","modified_gmt":"2020-02-27T23:23:24","slug":"oms-pede-ao-mundo-que-se-prepare-para-uma-potencial-pandemia-por-coronavirus","status":"publish","type":"post","link":"https:\/\/www.brazilianpress.com\/v1\/2020\/02\/27\/oms-pede-ao-mundo-que-se-prepare-para-uma-potencial-pandemia-por-coronavirus\/","title":{"rendered":"OMS pede ao mundo que se prepare para uma \u201cpotencial pandemia\u201d por coronav\u00edrus"},"content":{"rendered":"<p>Temos que fazer todo o poss\u00edvel para nos prepararmos para uma potencial pandemia.\u201d O diretor-geral da Organiza\u00e7\u00e3o Mundial da Sa\u00fade (OMS), Tedros Adhanom Ghebreyesus, assumiu na segunda-feira que muito provavelmente o que hoje \u00e9 uma epidemia, o Covid-19 ou\u00a0coronav\u00edrus de Wuhan, transforme-se em algo maior. \u201cN\u00e3o podemos paralisar o mundo, e n\u00e3o \u00e9 realista dizer que \u00e9 poss\u00edvel parar a\u00a0transmiss\u00e3o entre os pa\u00edses. Provavelmente haver\u00e1 epidemias em v\u00e1rios, mas pode ser contida\u201d, afirmou Michael Ryan, diretor do Programa de Emerg\u00eancias do organismo internacional.<\/p>\n<p>O\u00a0cen\u00e1rio mudou rapidamente em poucos dias. Passou-se de uma situa\u00e7\u00e3o em que se observava como os casos na China pareciam ser contidos e como no resto do mundo as infec\u00e7\u00f5es eram muito escassas a outra com\u00a0surtos descontrolados na It\u00e1lia, na Coreia do Norte e no Ir\u00e3. Ghebreyesus ressaltou que os surtos podem ser contidos e que o cen\u00e1rio continua sendo de epidemia, tanto pelo n\u00famero de casos como de mortes fora da China. Ao mesmo tempo, no entanto, pediu que os pa\u00edses e comunidades se preparem para a\u00a0propaga\u00e7\u00e3o do coronav\u00edrus. \u201cN\u00e3o \u00e9 uma quest\u00e3o de branco ou preto, de sim ou n\u00e3o. Cada pa\u00eds tem que elaborar seu pr\u00f3prio plano de conten\u00e7\u00e3o de riscos. As prioridades s\u00e3o a prote\u00e7\u00e3o dos profissionais de sa\u00fade, a mobiliza\u00e7\u00e3o das comunidades para ter um cuidado especial com os idosos e com as patologias [elas as quais houve mais de 80% das mortes at\u00e9 agora] e a prote\u00e7\u00e3o dos pa\u00edses mais vulner\u00e1veis, contendo a epidemia nos que podem faz\u00ea-lo.\u201d<\/p>\n<p>A nova situa\u00e7\u00e3o ainda \u00e9 uma inc\u00f3gnita, e cada minuto conta. O simples fato de conseguir atrasar a chegada aos pa\u00edses do norte por algumas semanas pode significar um grande al\u00edvio, disse Ryan, j\u00e1 que a gripe estacional estar\u00e1 diminuindo e os sistemas de sa\u00fade estar\u00e3o mais liberados dessa carga para poder atender os poss\u00edveis doentes do\u00a0Covid-19. \u201cN\u00e3o podemos saber o que vai acontecer, se [a epidemia] ser\u00e1 contida ou se transformar\u00e1 numa doen\u00e7a estacional\u201d, afirmou.<\/p>\n<p>Na coletiva quase di\u00e1ria que as m\u00e1ximas autoridades da OMS concedem \u00e0 imprensa para informar sobre os \u00faltimos detalhes do v\u00edrus, foram apresentados tamb\u00e9m os resultados da visita de especialistas a\u00a0Wuhan, o epicentro do surto, para analisar o panorama. A boa not\u00edcia \u00e9 que ali a situa\u00e7\u00e3o n\u00e3o saiu do controle e que as cifras continuam est\u00e1veis. A sequ\u00eancia gen\u00e9tica do coronav\u00edrus tamb\u00e9m segue est\u00e1vel e o tempo de recupera\u00e7\u00e3o oscila entre duas semanas (nos pacientes mais leves) e tr\u00eas a seis semanas (nos mais graves). A propor\u00e7\u00e3o de mortes, atualmente, est\u00e1 entre 2% e 4% em Wuhan e em cerca de 0,7% fora de l\u00e1.<\/p>\n","protected":false},"excerpt":{"rendered":"<p>Temos que fazer todo o poss\u00edvel para nos prepararmos para uma potencial pandemia.\u201d O diretor-geral da Organiza\u00e7\u00e3o Mundial da Sa\u00fade (OMS), Tedros Adhanom Ghebreyesus, assumiu na segunda-feira que muito provavelmente o que hoje \u00e9 uma epidemia, o Covid-19 ou\u00a0coronav\u00edrus de Wuhan, transforme-se em algo maior. \u201cN\u00e3o podemos paralisar o mundo, e n\u00e3o \u00e9 realista dizer que \u00e9 poss\u00edvel parar a\u00a0transmiss\u00e3o entre os pa\u00edses. Provavelmente haver\u00e1 epidemias em v\u00e1rios, mas pode ser contida\u201d, afirmou Michael Ryan, diretor do Programa de Emerg\u00eancias do organismo internacional. O\u00a0cen\u00e1rio mudou rapidamente em poucos dias. Passou-se de uma situa\u00e7\u00e3o em que se observava como os casos [&hellip;]<\/p>\n","protected":false},"author":1,"featured_media":43319,"comment_status":"open","ping_status":"open","sticky":false,"template":"","format":"standard","meta":{"_links_to":"","_links_to_target":""},"categories":[8,1],"tags":[],"views":1889,"_links":{"self":[{"href":"https:\/\/www.brazilianpress.com\/v1\/wp-json\/wp\/v2\/posts\/43318"}],"collection":[{"href":"https:\/\/www.brazilianpress.com\/v1\/wp-json\/wp\/v2\/posts"}],"about":[{"href":"https:\/\/www.brazilianpress.com\/v1\/wp-json\/wp\/v2\/types\/post"}],"author":[{"embeddable":true,"href":"https:\/\/www.brazilianpress.com\/v1\/wp-json\/wp\/v2\/users\/1"}],"replies":[{"embeddable":true,"href":"https:\/\/www.brazilianpress.com\/v1\/wp-json\/wp\/v2\/comments?post=43318"}],"version-history":[{"count":1,"href":"https:\/\/www.brazilianpress.com\/v1\/wp-json\/wp\/v2\/posts\/43318\/revisions"}],"predecessor-version":[{"id":43320,"href":"https:\/\/www.brazilianpress.com\/v1\/wp-json\/wp\/v2\/posts\/43318\/revisions\/43320"}],"wp:featuredmedia":[{"embeddable":true,"href":"https:\/\/www.brazilianpress.com\/v1\/wp-json\/wp\/v2\/media\/43319"}],"wp:attachment":[{"href":"https:\/\/www.brazilianpress.com\/v1\/wp-json\/wp\/v2\/media?parent=43318"}],"wp:term":[{"taxonomy":"category","embeddable":true,"href":"https:\/\/www.brazilianpress.com\/v1\/wp-json\/wp\/v2\/categories?post=43318"},{"taxonomy":"post_tag","embeddable":true,"href":"https:\/\/www.brazilianpress.com\/v1\/wp-json\/wp\/v2\/tags?post=43318"}],"curies":[{"name":"wp","href":"https:\/\/api.w.org\/{rel}","templated":true}]}}