{"id":43321,"date":"2020-02-27T19:25:38","date_gmt":"2020-02-27T23:25:38","guid":{"rendered":"http:\/\/www.brazilianpress.com\/v1\/?p=43321"},"modified":"2020-02-27T19:25:38","modified_gmt":"2020-02-27T23:25:38","slug":"papa-barra-ordenacao-de-homens-casados-na-amazonia","status":"publish","type":"post","link":"https:\/\/www.brazilianpress.com\/v1\/2020\/02\/27\/papa-barra-ordenacao-de-homens-casados-na-amazonia\/","title":{"rendered":"Papa barra ordena\u00e7\u00e3o de homens casados na Amaz\u00f4nia"},"content":{"rendered":"<p>O\u00a0papa Francisco\u00a0decidiu n\u00e3o abrir as portas \u00e0 ordena\u00e7\u00e3o de homens casados em zonas remotas do mundo. A medida, cujo estudo havia sido aprovado em outubro no\u00a0S\u00ednodo da Amaz\u00f4nia\u00a0e gerou enorme alvoro\u00e7o no Vaticano nos \u00faltimos meses, n\u00e3o foi inclu\u00edda na exorta\u00e7\u00e3o apost\u00f3lica\u00a0Querida Amaz\u00f4nia, que a Santa S\u00e9 apresentou. A decep\u00e7\u00e3o nos setores mais reformistas da\u00a0Igreja Cat\u00f3lica\u00a0ser\u00e1 evidente. Mas o Vaticano consegue assim pacificar o crescente clima de divis\u00e3o que amea\u00e7ava recrudescer a guerra entre as duas grandes fac\u00e7\u00f5es que disputam o poder nos \u00faltimos anos.<\/p>\n<p>O projeto de reforma surgia da necessidade de\u00a0levar a eucaristia e os sacramentos a lugares onde j\u00e1 n\u00e3o h\u00e1 mais sacerdotes, mas esse debate acabou desencadeando uma grande pol\u00eamica sobre o poss\u00edvel fim do celibato na Igreja Cat\u00f3lica. O tema inclusive turvou a apraz\u00edvel aposentadoria de\u00a0Bento XVI\u00a0e levou venenosos ventos de cisma a soprarem sobre Roma. Francisco, entretanto, decidiu postergar a quest\u00e3o e evitou se pronunciar abertamente sobre ela no seu texto.<\/p>\n<p>A\u00a0exorta\u00e7\u00e3o apost\u00f3lica\u00a0salienta, isso sim, a necessidade de garantir \u201cuma maior frequ\u00eancia da celebra\u00e7\u00e3o da Eucaristia\u201d, quest\u00e3o b\u00e1sica para a qual se abrir\u00e1 a porta \u00e0 ordena\u00e7\u00e3o de homens casados. Mas a seguir acrescenta que \u00e9 preciso \u201cdeterminar o que \u00e9 o mais espec\u00edfico do sacerdote\u201d. A resposta, l\u00ea-se, est\u00e1 no sacramento da Ordem, que habilita exclusivamente o sacerdote a presidir a Eucaristia. Ou seja, ningu\u00e9m mais pode realizar essa fun\u00e7\u00e3o. A solu\u00e7\u00e3o oferecida por Francisco a esse problema, muito longe da que propunha a assembleia do s\u00ednodo, foi pedir a todos os bispos, especialmente os latino-americanos, que sejam \u201cmais generosos\u201d, orientando aqueles que \u201cmostrem voca\u00e7\u00e3o mission\u00e1ria\u201d a escolherem a\u00a0Amaz\u00f4nia.<\/p>\n<p>A decis\u00e3o j\u00e1 havia sido antecipada por um grupo de bispos norte-americanos que se reuniram com o Papa na semana passada. Alguns deles relataram \u00e0 ag\u00eancia de not\u00edcias CNS (propriedade da Confer\u00eancia Episcopal dos EUA) que o esperado documento n\u00e3o incluiria a abertura \u00e0 ordena\u00e7\u00e3o de homens casados nem ao\u00a0diaconato feminino. O arcebispo de Santa F\u00e9, John C. Wester, disse \u00e0 CNS que o assunto fica adiado: \u201cDe modo muito tranquilo e muito am\u00e1vel, o Papa nos disse: \u2018Bom, esse ponto n\u00e3o era realmente um ponto importante\u2019. A base de seu argumento era algo assim: \u2018N\u00e3o acredito que seja um tema em que nos vamos mover neste momento, porque n\u00e3o senti que o Esp\u00edrito Santo esteja trabalhando nisso neste momento\u201d.<\/p>\n<p>O texto final se centra nas quest\u00f5es ambientais, culturais, sociais e pol\u00edticas que p\u00f5em em perigo e oprimem os povos da Amaz\u00f4nia. O\u00a0documento, relativamente curto (52 p\u00e1ginas) e estruturado em 111 pontos (curiosamente, o mesmo n\u00famero do texto final da assembleia em que se pedia que fosse estudada a ordena\u00e7\u00e3o de homens casados), aborda tamb\u00e9m abertamente a grave falta de voca\u00e7\u00f5es e de sacerdotes nessa regi\u00e3o e a necessidade de aumentar as fun\u00e7\u00f5es e a prepara\u00e7\u00e3o dos laicos para manter a salvo a vida religiosa das comunidades. Mas reservar a eucaristia, elemento chave nesta quest\u00e3o, aos sacerdotes j\u00e1 ordenados.<\/p>\n","protected":false},"excerpt":{"rendered":"<p>O\u00a0papa Francisco\u00a0decidiu n\u00e3o abrir as portas \u00e0 ordena\u00e7\u00e3o de homens casados em zonas remotas do mundo. A medida, cujo estudo havia sido aprovado em outubro no\u00a0S\u00ednodo da Amaz\u00f4nia\u00a0e gerou enorme alvoro\u00e7o no Vaticano nos \u00faltimos meses, n\u00e3o foi inclu\u00edda na exorta\u00e7\u00e3o apost\u00f3lica\u00a0Querida Amaz\u00f4nia, que a Santa S\u00e9 apresentou. A decep\u00e7\u00e3o nos setores mais reformistas da\u00a0Igreja Cat\u00f3lica\u00a0ser\u00e1 evidente. Mas o Vaticano consegue assim pacificar o crescente clima de divis\u00e3o que amea\u00e7ava recrudescer a guerra entre as duas grandes fac\u00e7\u00f5es que disputam o poder nos \u00faltimos anos. O projeto de reforma surgia da necessidade de\u00a0levar a eucaristia e os sacramentos a lugares [&hellip;]<\/p>\n","protected":false},"author":1,"featured_media":28295,"comment_status":"open","ping_status":"open","sticky":false,"template":"","format":"standard","meta":{"_links_to":"","_links_to_target":""},"categories":[7,1],"tags":[],"views":1974,"_links":{"self":[{"href":"https:\/\/www.brazilianpress.com\/v1\/wp-json\/wp\/v2\/posts\/43321"}],"collection":[{"href":"https:\/\/www.brazilianpress.com\/v1\/wp-json\/wp\/v2\/posts"}],"about":[{"href":"https:\/\/www.brazilianpress.com\/v1\/wp-json\/wp\/v2\/types\/post"}],"author":[{"embeddable":true,"href":"https:\/\/www.brazilianpress.com\/v1\/wp-json\/wp\/v2\/users\/1"}],"replies":[{"embeddable":true,"href":"https:\/\/www.brazilianpress.com\/v1\/wp-json\/wp\/v2\/comments?post=43321"}],"version-history":[{"count":1,"href":"https:\/\/www.brazilianpress.com\/v1\/wp-json\/wp\/v2\/posts\/43321\/revisions"}],"predecessor-version":[{"id":43322,"href":"https:\/\/www.brazilianpress.com\/v1\/wp-json\/wp\/v2\/posts\/43321\/revisions\/43322"}],"wp:featuredmedia":[{"embeddable":true,"href":"https:\/\/www.brazilianpress.com\/v1\/wp-json\/wp\/v2\/media\/28295"}],"wp:attachment":[{"href":"https:\/\/www.brazilianpress.com\/v1\/wp-json\/wp\/v2\/media?parent=43321"}],"wp:term":[{"taxonomy":"category","embeddable":true,"href":"https:\/\/www.brazilianpress.com\/v1\/wp-json\/wp\/v2\/categories?post=43321"},{"taxonomy":"post_tag","embeddable":true,"href":"https:\/\/www.brazilianpress.com\/v1\/wp-json\/wp\/v2\/tags?post=43321"}],"curies":[{"name":"wp","href":"https:\/\/api.w.org\/{rel}","templated":true}]}}