{"id":43326,"date":"2020-02-27T19:31:33","date_gmt":"2020-02-27T23:31:33","guid":{"rendered":"http:\/\/www.brazilianpress.com\/v1\/?p=43326"},"modified":"2020-02-27T19:31:33","modified_gmt":"2020-02-27T23:31:33","slug":"claudia-garzesi-nos-na-america-27022020","status":"publish","type":"post","link":"https:\/\/www.brazilianpress.com\/v1\/2020\/02\/27\/claudia-garzesi-nos-na-america-27022020\/","title":{"rendered":"Claudia Garzesi: N\u00f3s na Am\u00e9rica . 27\/02\/2020"},"content":{"rendered":"<p><em>Ol\u00e1 a todos!<\/em><\/p>\n<p><em>&#8220;N\u00f3s na Am\u00e9rica&#8221; \u200b\u200b\u00e9 o espa\u00e7o que visa informar, conectar e melhorar a qualidade de vida das pessoas que vivem nos Estados Unidos.<\/em><\/p>\n<p><strong>EVENTOS E OPORTUNIDADES<\/strong><\/p>\n<p>24 DE FEVEREIRO, 2020\u00a0 &#8211; \u00a0AULAS GR\u00c1TIS DE INGL\u00caS<br \/>\n(\u00cdNICIO DA PRE-REGISTRA\u00c7\u00c3O DIA 24 DE FEVEREIRO, 2020)\u00a0 Local para Registra\u00e7\u00e3o: La Casa de Dom Pedro\u00a0 \u2013 39 Broadway St. 2nd Floor Newark NJ. Local das aulas: Biblioteca da Van Buren Street \u2013 140 Van Buren St. Ter\u00e7a, Quinta e Sexta-feira ( 9:30 da manh\u00e3 \u00e1s 13:30 da tarde. Aulas come\u00e7am dia 31 de Mar\u00e7o de 2020<\/p>\n<p>29 FEVEREIRO E 1 DE MAR\u00c7O, 2020 &#8211; VOC\u00ca GOSTARIA DE TER OS SEUS DENTES RESTAURADOS E LIMPOS GRATUITAMENTE?<br \/>\nVoc\u00ea ou algu\u00e9m que voc\u00ea conhece est\u00e1 interessado em atendimento odontol\u00f3gico GRATUITO?<\/p>\n<p>Alunos do \u00faltimo ano da Escola de Medicina Dent\u00e1ria Rutgers ir\u00e3o fazer o exame do conselho odontol\u00f3gico S[abado dia 29 de Fevereiro e Domingo dia 1 de Mar\u00e7o de 2020, e gostariam de ver se voc\u00ea qualifica para o tratamento. As triagens s\u00e3o gratuitas, o que inclui um exame e raios-x. Se voc\u00ea se qualificar para o exame e decidir participar, o tratamento tamb\u00e9m ser\u00e1 GRATUITO e voc\u00ea ser\u00e1 compensado pelo seu tempo. Local: \u00a0Rutgers School of Dental Medicine \u2013 50 12th Ave., Newark, NJ 07103. Para mais informa\u00e7\u00f5es, telefone ou envie uma mensagem para :\u00a0 ENGLISH 856-442-9390 ou ESPA\u00d1OL 201-730-2147 favor fornecer seu nome e contato caso n\u00e3o atenderem.<\/p>\n<p>10 DE MAR\u00c7O, 2020 &#8211; \u00a0\u00cdNICIO DAS AULAS DE CIDADANIA GRATUITAS<\/p>\n<p>Fa\u00e7a do seu sonho uma realidade, a Casa de Dom Pedro orgulha-se de oferecer aulas de ESL e de cidadania gratuitas nos EUA. Conhe\u00e7a o processo de naturaliza\u00e7\u00e3o e o que \u00e9 necess\u00e1rio para passar no teste de naturaliza\u00e7\u00e3o. Registrar-se : 18 de Fevereiro, 2020 , contactar Yannaira Batista (973) 481-4568. Local: 39 Broadway St. 2nd floor , Newark . Hor\u00e1rio do Curso: 10 de Mar\u00e7o at\u00e9 21 de Abril, 2020 de Segunda \u00e1 Sexta 9:00 da manh\u00e3 \u00e1s 13:00 da tarde.<\/p>\n<p>6 A 16 DE ABRIL , 2019\u00a0 &#8211; AUDI\u00c7\u00c3O PARA O ESPET\u00c1CULO DE NATAL 2020 NO RADIO CITY MUSIC HALL<\/p>\n<p>Oportunidade para artistas!\u00a0 As audi\u00e7\u00f5es para a produ\u00e7\u00e3o de 20120 do espet\u00e1culo de Natal no Radio City Music Hall acontecer\u00e3o em Nova York, NY, de 6 de abril a 16 de abril de 2020. Hor\u00e1rio das Audi\u00e7\u00f5es da Cidade de Nova Iorque: Segunda-feira, 6 de abril: 10:00am \u2013 Vocalista feminina, Ter\u00e7a-feira, 7 de abril: 10:00am \u2013 Vocalista Masculino, Quinta-feira, 9 de abril: 10:00h &#8211; Dan\u00e7arinos Masculinos, Dan\u00e7arinas Femininas Chamada Aberta, Sexta-feira, 10 de abril, \u00e0s 10h00 &#8211; Dan\u00e7arinas Femininas, Quarta-feira, 15 de abril: 10:00 \u2013 Rockettes Femininos. As audi\u00e7\u00f5es acontecer\u00e3o no Radio City Music Hall. Entrada na 50th entre a 5th Ave.\u00a0 e a 6th Ave. Para mais informa\u00e7\u00f5es visite https:\/\/www.rockettes.com\/christmas\/auditions\/<\/p>\n<p>&#8212;&#8212;&#8212;&#8212;&#8212;&#8212;&#8212;&#8212;&#8212;&#8212;&#8212;<\/p>\n<p><strong>D\u00favidas? Id\u00e9ias sobre outros t\u00f3picos? Escreva para <a href=\"mailto:claudiagarzesi2@gmail.com\">claudiagarzesi2@gmail.com<\/a><\/strong><\/p>\n<p><strong>Visite no facebook o grupo NOSOTROS EN AMERICA para mais informa\u00e7\u00f5es importantes<\/strong><\/p>\n","protected":false},"excerpt":{"rendered":"<p>Ol\u00e1 a todos! &#8220;N\u00f3s na Am\u00e9rica&#8221; \u200b\u200b\u00e9 o espa\u00e7o que visa informar, conectar e melhorar a qualidade de vida das pessoas que vivem nos Estados Unidos. EVENTOS E OPORTUNIDADES 24 DE FEVEREIRO, 2020\u00a0 &#8211; \u00a0AULAS GR\u00c1TIS DE INGL\u00caS (\u00cdNICIO DA PRE-REGISTRA\u00c7\u00c3O DIA 24 DE FEVEREIRO, 2020)\u00a0 Local para Registra\u00e7\u00e3o: La Casa de Dom Pedro\u00a0 \u2013 39 Broadway St. 2nd Floor Newark NJ. Local das aulas: Biblioteca da Van Buren Street \u2013 140 Van Buren St. Ter\u00e7a, Quinta e Sexta-feira ( 9:30 da manh\u00e3 \u00e1s 13:30 da tarde. Aulas come\u00e7am dia 31 de Mar\u00e7o de 2020 29 FEVEREIRO E 1 DE [&hellip;]<\/p>\n","protected":false},"author":1,"featured_media":40091,"comment_status":"open","ping_status":"open","sticky":false,"template":"","format":"standard","meta":{"_links_to":"","_links_to_target":""},"categories":[4,1],"tags":[],"views":1525,"_links":{"self":[{"href":"https:\/\/www.brazilianpress.com\/v1\/wp-json\/wp\/v2\/posts\/43326"}],"collection":[{"href":"https:\/\/www.brazilianpress.com\/v1\/wp-json\/wp\/v2\/posts"}],"about":[{"href":"https:\/\/www.brazilianpress.com\/v1\/wp-json\/wp\/v2\/types\/post"}],"author":[{"embeddable":true,"href":"https:\/\/www.brazilianpress.com\/v1\/wp-json\/wp\/v2\/users\/1"}],"replies":[{"embeddable":true,"href":"https:\/\/www.brazilianpress.com\/v1\/wp-json\/wp\/v2\/comments?post=43326"}],"version-history":[{"count":1,"href":"https:\/\/www.brazilianpress.com\/v1\/wp-json\/wp\/v2\/posts\/43326\/revisions"}],"predecessor-version":[{"id":43327,"href":"https:\/\/www.brazilianpress.com\/v1\/wp-json\/wp\/v2\/posts\/43326\/revisions\/43327"}],"wp:featuredmedia":[{"embeddable":true,"href":"https:\/\/www.brazilianpress.com\/v1\/wp-json\/wp\/v2\/media\/40091"}],"wp:attachment":[{"href":"https:\/\/www.brazilianpress.com\/v1\/wp-json\/wp\/v2\/media?parent=43326"}],"wp:term":[{"taxonomy":"category","embeddable":true,"href":"https:\/\/www.brazilianpress.com\/v1\/wp-json\/wp\/v2\/categories?post=43326"},{"taxonomy":"post_tag","embeddable":true,"href":"https:\/\/www.brazilianpress.com\/v1\/wp-json\/wp\/v2\/tags?post=43326"}],"curies":[{"name":"wp","href":"https:\/\/api.w.org\/{rel}","templated":true}]}}