{"id":43328,"date":"2020-02-27T13:02:31","date_gmt":"2020-02-27T17:02:31","guid":{"rendered":"http:\/\/www.brazilianpress.com\/v1\/?p=43328"},"modified":"2020-02-28T05:04:15","modified_gmt":"2020-02-28T09:04:15","slug":"lea-campos-trofeu-tele-santana","status":"publish","type":"post","link":"https:\/\/www.brazilianpress.com\/v1\/2020\/02\/27\/lea-campos-trofeu-tele-santana\/","title":{"rendered":"L\u00e9a Campos: Trof\u00e9u Tel\u00ea Santana"},"content":{"rendered":"<p>Criado em 2002, este trof\u00e9u tem o objetivo de homenagear os melhores jogadores, t\u00e9cnicos e o entorno do futebol e outros esportes em Minas Gerais.<\/p>\n<p>O ano que terminou foi frustrante para os mineiros, Campe\u00e3o Mineiro de 2019, o Cruzeiro caiu para a S\u00e9rie B do Campeonato Brasileiro, o Am\u00e9rica bateu na trave, mas continua na S\u00e9rie B e o Atl\u00e9tico deu esperan\u00e7as \u00e0 torcida na Copa Sul-Americana, por\u00e9m ficou na promessa e caiu na semifinal.<\/p>\n<p>O equil\u00edbrio na escolha da Sele\u00e7\u00e3o do Trof\u00e9u Tel\u00ea Santana, mostrou a mais acirrada disputa nos \u00faltimos anos.<\/p>\n<p>O 19\u00ba Trof\u00e9u do chamado \u201cOscar do Esporte Mineiro\u201d, foi conhecido no \u00faltimo dia 18 em noite memor\u00e1vel no Mineir\u00e3o.<\/p>\n<p>O Am\u00e9rica, como o Cruzeiro, teve 4 jogadores premiados, e o t\u00e9cnico Felipe da Concei\u00e7\u00e3o, enquanto o Atl\u00e9tico aportou 3 jogadores para a sele\u00e7\u00e3o mais esperada do futebol das Alterosas.<\/p>\n<p>O orgulho maior veio das quadras, quando as meninas do v\u00f4lei, vencedoras da Superliga Feminina, Sul-Americano e da Copa do Brasil, por tudo isso o v\u00f4lei do Minas T\u00eanis Clube, levou o Trof\u00e9u Destaque Nacional.<\/p>\n<p>O destaque do interior premiou o Coimbra, Campe\u00e3o Mineiro do M\u00f3dulo II, que na temporada passada foi Campe\u00e3o da Segunda Divis\u00e3o.<br \/>\nA premia\u00e7\u00e3o individual foi assim distribu\u00edda: Fred levou o trof\u00e9u de artilheiro do futebol mineiro de 2019, marcou 21 gols em 54 jogos.<\/p>\n<p>A sele\u00e7\u00e3o ficou assim: F\u00e1bio Orejuela, Caca, Leo (Cruzeiro), Jo\u00e3o Paulo (Am\u00e9rica), Jair (Atl\u00e9tico), Matheusinho (Am\u00e9rica), Marquinhos (Atl\u00e9tico), Junior Vi\u00e7osa (Am\u00e9rica),<\/p>\n<p>O Trof\u00e9u Fair Play emocionou a todos durante a cerim\u00f4nia e foi outorgado \u00e0 Dona Salom\u00e9, Torcedora S\u00edmbolo do Cruzeiro que faleceu em 10 de dezembro, dois dias depois do rebaixamento do Cruzeiro para a S\u00e9rie B, que com seus 86 anos n\u00e3o suportou o que ocorria com o seu time do cora\u00e7\u00e3o.<\/p>\n<p>Apesar de todos os atropelos, o Cruzeiro lidera o ranking do Trof\u00e9u Tel\u00ea Santana. O \u201cfabuloso\u201d tem 154 trof\u00e9us, seguido do Atl\u00e9tico com 127 e o Am\u00e9rica com 26, o Minas T\u00eanis levou seu nono trof\u00e9u.<\/p>\n<p>Completando a lista dos trof\u00e9us para os clubes que foram destaques \u00e0 n\u00edvel nacional: Ipatinga com a conquista de 11 premia\u00e7\u00f5es, Tupi e Boa Esporte 3 trof\u00e9us, Arax\u00e1, Chapecoense, Democrata- GV, Ituiutaba, Montes Claros V\u00f4lei, Patrocinense, Praia Clube, Ribeir\u00e3o das Neves (futebol feminino), Tombense, Uberaba, Villa Nova, Guarani de Divin\u00f3polis, Coimbra \u2013 1 trof\u00e9u.<\/p>\n<p>Esperamos que no pr\u00f3ximo ano os dois times mineiros retornem \u00e0 suas posi\u00e7\u00f5es, de onde nunca deveriam ter sa\u00eddo.<\/p>\n<p>A luta deve come\u00e7ar hoje para fazer um amanh\u00e3 de gl\u00f3rias e conquistas.<\/p>\n","protected":false},"excerpt":{"rendered":"<p>Criado em 2002, este trof\u00e9u tem o objetivo de homenagear os melhores jogadores, t\u00e9cnicos e o entorno do futebol e outros esportes em Minas Gerais. O ano que terminou foi frustrante para os mineiros, Campe\u00e3o Mineiro de 2019, o Cruzeiro caiu para a S\u00e9rie B do Campeonato Brasileiro, o Am\u00e9rica bateu na trave, mas continua na S\u00e9rie B e o Atl\u00e9tico deu esperan\u00e7as \u00e0 torcida na Copa Sul-Americana, por\u00e9m ficou na promessa e caiu na semifinal. O equil\u00edbrio na escolha da Sele\u00e7\u00e3o do Trof\u00e9u Tel\u00ea Santana, mostrou a mais acirrada disputa nos \u00faltimos anos. O 19\u00ba Trof\u00e9u do chamado \u201cOscar [&hellip;]<\/p>\n","protected":false},"author":1,"featured_media":43329,"comment_status":"open","ping_status":"open","sticky":false,"template":"","format":"standard","meta":{"_links_to":"","_links_to_target":""},"categories":[15,1],"tags":[],"views":7341,"_links":{"self":[{"href":"https:\/\/www.brazilianpress.com\/v1\/wp-json\/wp\/v2\/posts\/43328"}],"collection":[{"href":"https:\/\/www.brazilianpress.com\/v1\/wp-json\/wp\/v2\/posts"}],"about":[{"href":"https:\/\/www.brazilianpress.com\/v1\/wp-json\/wp\/v2\/types\/post"}],"author":[{"embeddable":true,"href":"https:\/\/www.brazilianpress.com\/v1\/wp-json\/wp\/v2\/users\/1"}],"replies":[{"embeddable":true,"href":"https:\/\/www.brazilianpress.com\/v1\/wp-json\/wp\/v2\/comments?post=43328"}],"version-history":[{"count":1,"href":"https:\/\/www.brazilianpress.com\/v1\/wp-json\/wp\/v2\/posts\/43328\/revisions"}],"predecessor-version":[{"id":43330,"href":"https:\/\/www.brazilianpress.com\/v1\/wp-json\/wp\/v2\/posts\/43328\/revisions\/43330"}],"wp:featuredmedia":[{"embeddable":true,"href":"https:\/\/www.brazilianpress.com\/v1\/wp-json\/wp\/v2\/media\/43329"}],"wp:attachment":[{"href":"https:\/\/www.brazilianpress.com\/v1\/wp-json\/wp\/v2\/media?parent=43328"}],"wp:term":[{"taxonomy":"category","embeddable":true,"href":"https:\/\/www.brazilianpress.com\/v1\/wp-json\/wp\/v2\/categories?post=43328"},{"taxonomy":"post_tag","embeddable":true,"href":"https:\/\/www.brazilianpress.com\/v1\/wp-json\/wp\/v2\/tags?post=43328"}],"curies":[{"name":"wp","href":"https:\/\/api.w.org\/{rel}","templated":true}]}}