{"id":43335,"date":"2020-02-27T13:08:24","date_gmt":"2020-02-27T17:08:24","guid":{"rendered":"http:\/\/www.brazilianpress.com\/v1\/?p=43335"},"modified":"2020-02-28T05:10:16","modified_gmt":"2020-02-28T09:10:16","slug":"agenda-cultural-27220-by-roger-costa","status":"publish","type":"post","link":"https:\/\/www.brazilianpress.com\/v1\/2020\/02\/27\/agenda-cultural-27220-by-roger-costa\/","title":{"rendered":"Agenda Cultural 27\/2\/20, by Roger Costa"},"content":{"rendered":"<p><img loading=\"lazy\" class=\"alignnone size-full wp-image-43339\" src=\"http:\/\/www.brazilianpress.com\/v1\/wp-content\/uploads\/2020\/02\/Premiada-companhia-Ballet-Vlaanderen-estreia-no-palco-do-The-Joyce.jpg\" alt=\"\" width=\"700\" height=\"429\" srcset=\"https:\/\/www.brazilianpress.com\/v1\/wp-content\/uploads\/2020\/02\/Premiada-companhia-Ballet-Vlaanderen-estreia-no-palco-do-The-Joyce.jpg 700w, https:\/\/www.brazilianpress.com\/v1\/wp-content\/uploads\/2020\/02\/Premiada-companhia-Ballet-Vlaanderen-estreia-no-palco-do-The-Joyce-300x184.jpg 300w\" sizes=\"(max-width: 700px) 100vw, 700px\" \/><br \/>\n*Premiada companhia Ballet Vlaanderen estreia no palco do The Joyce&gt; Celebrando seu 50\u00ba anivers\u00e1rio, a premiada companhia Ballet Vlaanderen faz seu debut no palco do The Joyce Theater (175 8th Avenue) de 3 a 7 de mar\u00e7o. Sob dire\u00e7\u00e3o art\u00edstica de Sidi Larbi Cherkaoui, a companhia apresenta &#8220;Faun&#8221;, trabalho sensual e complexo sobre atra\u00e7\u00e3o animal, &#8220;Ten Duets on a Theme of Rescue&#8221; de Crystal Pite, explorando intimidade corporal, e &#8220;Kaash&#8221; assinada por Akram Khan, mistura de Kathak, dan\u00e7a tradicional da \u00cdndia com ballet contempor\u00e2neo. Ingressos a partir de $10. (Photo by Filip Van Roe). <em>INFO: <\/em><em><a href=\"https:\/\/joyce.org\/performances\/ballet-vlaanderen\">https:\/\/joyce.org\/performances\/ballet-vlaanderen<\/a>.<\/em><\/p>\n<p><img loading=\"lazy\" class=\"alignnone size-full wp-image-43338\" src=\"http:\/\/www.brazilianpress.com\/v1\/wp-content\/uploads\/2020\/02\/New-Jersey-Symphony-Orchestra-apresenta-novo-espet\u00e1culo-em-Newark.jpg\" alt=\"\" width=\"900\" height=\"253\" srcset=\"https:\/\/www.brazilianpress.com\/v1\/wp-content\/uploads\/2020\/02\/New-Jersey-Symphony-Orchestra-apresenta-novo-espet\u00e1culo-em-Newark.jpg 900w, https:\/\/www.brazilianpress.com\/v1\/wp-content\/uploads\/2020\/02\/New-Jersey-Symphony-Orchestra-apresenta-novo-espet\u00e1culo-em-Newark-300x84.jpg 300w, https:\/\/www.brazilianpress.com\/v1\/wp-content\/uploads\/2020\/02\/New-Jersey-Symphony-Orchestra-apresenta-novo-espet\u00e1culo-em-Newark-768x216.jpg 768w\" sizes=\"(max-width: 900px) 100vw, 900px\" \/><br \/>\n*New Jersey Symphony Orchestra apresenta novo espet\u00e1culo em Newark&gt; A New Jersey Symphony Orchestra apresenta dois talentos emergentes da m\u00fasica cl\u00e1ssica com um novo espet\u00e1culo no palco do NJPAC (1 Center Street, Newark). O condutor convidado Christoph K\u00f6nig retorna para mais uma reg\u00eancia excepcional ap\u00f3s sua estreia de \u00eaxito dois anos atr\u00e1s, enquanto Simone Porter, uma das maiores for\u00e7as do violino na atualidade, poder\u00e1 demonstrar sua versatilidade e equil\u00edbrio musical. Mendelssohn&#8217;s Violin Concerto, Quinta \u00e0 1h30 p.m. e Domingo \u00e0s 3h00 da tarde. Ingressos $20.-$92. <em>INFO: <\/em><em><a href=\"https:\/\/www.njpac.org\/event\/mendelssohns-violin-concerto\/\">https:\/\/www.njpac.org\/event\/mendelssohns-violin-concerto\/<\/a><\/em><\/p>\n<p><img loading=\"lazy\" class=\"alignnone size-full wp-image-43336\" src=\"http:\/\/www.brazilianpress.com\/v1\/wp-content\/uploads\/2020\/02\/Aclamado-Percussionista-Cyro-Baptista-retorna-ao-Lincoln-Center.jpg\" alt=\"\" width=\"700\" height=\"393\" srcset=\"https:\/\/www.brazilianpress.com\/v1\/wp-content\/uploads\/2020\/02\/Aclamado-Percussionista-Cyro-Baptista-retorna-ao-Lincoln-Center.jpg 700w, https:\/\/www.brazilianpress.com\/v1\/wp-content\/uploads\/2020\/02\/Aclamado-Percussionista-Cyro-Baptista-retorna-ao-Lincoln-Center-300x168.jpg 300w\" sizes=\"(max-width: 700px) 100vw, 700px\" \/><br \/>\n*Aclamado Percussionista Cyro Baptista retorna ao Lincoln Center&gt; O consagrado percussionista brasileiro Cyro Baptista retorna ao palco do Dizzy&#8217;s Club no Jazz at Lincoln Center (60th Street and Broadway) para interpretar composi\u00e7\u00f5es de seu \u00faltimo projeto, Glosso Lalia. Vencedor de v\u00e1rios Grammys, Cyro j\u00e1 colaborou com nomes importantes como Wynton Marsalis, Yo-Yo Ma, Paul Simon, Phish, John Zorn, Milton Nascimento, Kathleen Battle, James Taylor e muitos outros. Com arranjos universais, o m\u00fasico ser\u00e1 acompanhado de John Lee na guitarra, Felipe Hostins no acordeom, Eduardo Belo ono Baixo, e Gil Oliveira na bateria. Quinta \u00e0s 7h30 e 9h30 da noite. Ingresso $40. <em>INFO: <\/em><em><a href=\"https:\/\/www.jazz.org\/dizzys\/events\/10367\/cyro-baptista-glosso-lalia\/\">https:\/\/www.jazz.org\/dizzys\/events\/10367\/cyro-baptista-glosso-lalia\/<\/a><\/em><\/p>\n<p><img loading=\"lazy\" class=\"alignnone size-full wp-image-43337\" src=\"http:\/\/www.brazilianpress.com\/v1\/wp-content\/uploads\/2020\/02\/Clarinetista-Anat-Cohen-se-apresenta-junto-ao-Quartetinho.jpg\" alt=\"\" width=\"650\" height=\"433\" srcset=\"https:\/\/www.brazilianpress.com\/v1\/wp-content\/uploads\/2020\/02\/Clarinetista-Anat-Cohen-se-apresenta-junto-ao-Quartetinho.jpg 650w, https:\/\/www.brazilianpress.com\/v1\/wp-content\/uploads\/2020\/02\/Clarinetista-Anat-Cohen-se-apresenta-junto-ao-Quartetinho-300x200.jpg 300w\" sizes=\"(max-width: 650px) 100vw, 650px\" \/><br \/>\n*Clarinetista Anat Cohen se apresenta junto ao Quartetinho&gt; A consagrada instrumentista e compositora israelita Anat Cohen tem vasto conhecimento da m\u00fasica popular brasileira, e sua especialidade \u00e9 o choro moderno. A artista se apresenta no palco do Miller Theater (2960 Broadway, 116th Street) junto ao Quartetinho, para interpretar composi\u00e7\u00f5es pr\u00f3prias e sucessos favoritos dos ouvintes. Indicada ao Grammy, Anat divide o palco com Vitor Gon\u00e7alves no acordeom e piano, Tal Mashiach, no baixo e guitarras, e James Shipp, na percuss\u00e3o e sons eletr\u00f4nicos. S\u00e1bado, dia 7 de mar\u00e7o, \u00e0s 8h00 da noite. Ingressos a partir de $25. (Photo by Shervin Lainez). <em>INFO: <a href=\"https:\/\/www.millertheatre.com\/events\/anat-cohen-quartet2\">https:\/\/www.millertheatre.com\/events\/anat-cohen-quartet2<\/a><\/em><\/p>\n","protected":false},"excerpt":{"rendered":"<p>*Premiada companhia Ballet Vlaanderen estreia no palco do The Joyce&gt; Celebrando seu 50\u00ba anivers\u00e1rio, a premiada companhia Ballet Vlaanderen faz seu debut no palco do The Joyce Theater (175 8th Avenue) de 3 a 7 de mar\u00e7o. Sob dire\u00e7\u00e3o art\u00edstica de Sidi Larbi Cherkaoui, a companhia apresenta &#8220;Faun&#8221;, trabalho sensual e complexo sobre atra\u00e7\u00e3o animal, &#8220;Ten Duets on a Theme of Rescue&#8221; de Crystal Pite, explorando intimidade corporal, e &#8220;Kaash&#8221; assinada por Akram Khan, mistura de Kathak, dan\u00e7a tradicional da \u00cdndia com ballet contempor\u00e2neo. Ingressos a partir de $10. (Photo by Filip Van Roe). INFO: https:\/\/joyce.org\/performances\/ballet-vlaanderen. *New Jersey Symphony Orchestra [&hellip;]<\/p>\n","protected":false},"author":1,"featured_media":43339,"comment_status":"open","ping_status":"open","sticky":false,"template":"","format":"standard","meta":{"_links_to":"","_links_to_target":""},"categories":[20,1],"tags":[],"views":5120,"_links":{"self":[{"href":"https:\/\/www.brazilianpress.com\/v1\/wp-json\/wp\/v2\/posts\/43335"}],"collection":[{"href":"https:\/\/www.brazilianpress.com\/v1\/wp-json\/wp\/v2\/posts"}],"about":[{"href":"https:\/\/www.brazilianpress.com\/v1\/wp-json\/wp\/v2\/types\/post"}],"author":[{"embeddable":true,"href":"https:\/\/www.brazilianpress.com\/v1\/wp-json\/wp\/v2\/users\/1"}],"replies":[{"embeddable":true,"href":"https:\/\/www.brazilianpress.com\/v1\/wp-json\/wp\/v2\/comments?post=43335"}],"version-history":[{"count":1,"href":"https:\/\/www.brazilianpress.com\/v1\/wp-json\/wp\/v2\/posts\/43335\/revisions"}],"predecessor-version":[{"id":43340,"href":"https:\/\/www.brazilianpress.com\/v1\/wp-json\/wp\/v2\/posts\/43335\/revisions\/43340"}],"wp:featuredmedia":[{"embeddable":true,"href":"https:\/\/www.brazilianpress.com\/v1\/wp-json\/wp\/v2\/media\/43339"}],"wp:attachment":[{"href":"https:\/\/www.brazilianpress.com\/v1\/wp-json\/wp\/v2\/media?parent=43335"}],"wp:term":[{"taxonomy":"category","embeddable":true,"href":"https:\/\/www.brazilianpress.com\/v1\/wp-json\/wp\/v2\/categories?post=43335"},{"taxonomy":"post_tag","embeddable":true,"href":"https:\/\/www.brazilianpress.com\/v1\/wp-json\/wp\/v2\/tags?post=43335"}],"curies":[{"name":"wp","href":"https:\/\/api.w.org\/{rel}","templated":true}]}}