{"id":43362,"date":"2020-03-05T08:56:40","date_gmt":"2020-03-05T12:56:40","guid":{"rendered":"http:\/\/www.brazilianpress.com\/v1\/?p=43362"},"modified":"2020-03-05T08:56:40","modified_gmt":"2020-03-05T12:56:40","slug":"social-press-05032020","status":"publish","type":"post","link":"https:\/\/www.brazilianpress.com\/v1\/2020\/03\/05\/social-press-05032020\/","title":{"rendered":"Social Press . 05\/03\/2020"},"content":{"rendered":"<p><em><strong><img loading=\"lazy\" class=\"alignnone size-full wp-image-43356\" src=\"http:\/\/www.brazilianpress.com\/v1\/wp-content\/uploads\/2020\/03\/social-press-ed1982-20200305-2.jpg\" alt=\"\" width=\"550\" height=\"591\" srcset=\"https:\/\/www.brazilianpress.com\/v1\/wp-content\/uploads\/2020\/03\/social-press-ed1982-20200305-2.jpg 550w, https:\/\/www.brazilianpress.com\/v1\/wp-content\/uploads\/2020\/03\/social-press-ed1982-20200305-2-279x300.jpg 279w\" sizes=\"(max-width: 550px) 100vw, 550px\" \/><br \/>\nUm grande abra\u00e7o a nossa amiga e Skarlet Castro sempre sorridente e de bem com a vida.<\/strong><\/em><\/p>\n<p><em><strong><img loading=\"lazy\" class=\"alignnone size-full wp-image-43357\" src=\"http:\/\/www.brazilianpress.com\/v1\/wp-content\/uploads\/2020\/03\/social-press-ed1982-20200305-3.jpg\" alt=\"\" width=\"550\" height=\"853\" srcset=\"https:\/\/www.brazilianpress.com\/v1\/wp-content\/uploads\/2020\/03\/social-press-ed1982-20200305-3.jpg 550w, https:\/\/www.brazilianpress.com\/v1\/wp-content\/uploads\/2020\/03\/social-press-ed1982-20200305-3-193x300.jpg 193w\" sizes=\"(max-width: 550px) 100vw, 550px\" \/><br \/>\nSayuri Otani e seus filhos Nicole e Idis curtindo as belezas de NY. Todo conhecimento oferecido aos nossos filhos \u00e9 a melhor heran\u00e7a sempre.<\/strong><\/em><\/p>\n<p><em><strong><img loading=\"lazy\" class=\"alignnone size-full wp-image-43358\" src=\"http:\/\/www.brazilianpress.com\/v1\/wp-content\/uploads\/2020\/03\/social-press-ed1982-20200305-4.jpg\" alt=\"\" width=\"528\" height=\"692\" srcset=\"https:\/\/www.brazilianpress.com\/v1\/wp-content\/uploads\/2020\/03\/social-press-ed1982-20200305-4.jpg 528w, https:\/\/www.brazilianpress.com\/v1\/wp-content\/uploads\/2020\/03\/social-press-ed1982-20200305-4-229x300.jpg 229w\" sizes=\"(max-width: 528px) 100vw, 528px\" \/><br \/>\nSuzana Carvalho \u00e9 o s\u00edmbolo da alegria e da amizade, mulher de sorriso largo, abra\u00e7o amigo celebra mais um ano a alegria de viver, Parab\u00e9ns querida e muitos anos de vida!<\/strong><\/em><\/p>\n<p><em><strong><img loading=\"lazy\" class=\"alignnone size-full wp-image-43359\" src=\"http:\/\/www.brazilianpress.com\/v1\/wp-content\/uploads\/2020\/03\/social-press-ed1982-20200305-5.jpg\" alt=\"\" width=\"620\" height=\"456\" srcset=\"https:\/\/www.brazilianpress.com\/v1\/wp-content\/uploads\/2020\/03\/social-press-ed1982-20200305-5.jpg 620w, https:\/\/www.brazilianpress.com\/v1\/wp-content\/uploads\/2020\/03\/social-press-ed1982-20200305-5-300x221.jpg 300w\" sizes=\"(max-width: 620px) 100vw, 620px\" \/><br \/>\nIsso \u00e9 uma coisa linda de viver, celebrar a amizade entre amigas, criar um tempo para desfrutar momentos juntas mesmo com esta vida corrida.<\/strong><\/em><\/p>\n<p><em><strong><img loading=\"lazy\" class=\"alignnone size-full wp-image-43360\" src=\"http:\/\/www.brazilianpress.com\/v1\/wp-content\/uploads\/2020\/03\/social-press-ed1982-20200305-6.jpg\" alt=\"\" width=\"550\" height=\"734\" srcset=\"https:\/\/www.brazilianpress.com\/v1\/wp-content\/uploads\/2020\/03\/social-press-ed1982-20200305-6.jpg 550w, https:\/\/www.brazilianpress.com\/v1\/wp-content\/uploads\/2020\/03\/social-press-ed1982-20200305-6-225x300.jpg 225w\" sizes=\"(max-width: 550px) 100vw, 550px\" \/><br \/>\nA vov\u00f3 M\u00e1rcia Garcia volta do BraZil e os netinhos Liam Mason Laurentino e da Emma Sophie Laurentino mais que felizes v\u00e3o buscar ela no aeroporto e agora a alegria no ver\u00e3o est\u00e1 garantida.<\/strong><\/em><\/p>\n<p><em><strong><img loading=\"lazy\" class=\"alignnone size-full wp-image-43361\" src=\"http:\/\/www.brazilianpress.com\/v1\/wp-content\/uploads\/2020\/03\/social-press-ed1982-20200305-7.jpg\" alt=\"\" width=\"620\" height=\"344\" srcset=\"https:\/\/www.brazilianpress.com\/v1\/wp-content\/uploads\/2020\/03\/social-press-ed1982-20200305-7.jpg 620w, https:\/\/www.brazilianpress.com\/v1\/wp-content\/uploads\/2020\/03\/social-press-ed1982-20200305-7-300x166.jpg 300w\" sizes=\"(max-width: 620px) 100vw, 620px\" \/><br \/>\nMeninas Brasileiras de Basking Ridge, NJ. Da esquerda para a direita: Tissiane Oliva, Dette Hurtado, Elo\u00edsa, Mar\u00edlia, Alexandra e Ariane Previde Paz.<\/strong><\/em><\/p>\n<p><em><strong><img loading=\"lazy\" class=\"alignnone size-full wp-image-43355\" src=\"http:\/\/www.brazilianpress.com\/v1\/wp-content\/uploads\/2020\/03\/social-press-ed1982-20200305-1.jpg\" alt=\"\" width=\"620\" height=\"413\" srcset=\"https:\/\/www.brazilianpress.com\/v1\/wp-content\/uploads\/2020\/03\/social-press-ed1982-20200305-1.jpg 620w, https:\/\/www.brazilianpress.com\/v1\/wp-content\/uploads\/2020\/03\/social-press-ed1982-20200305-1-300x200.jpg 300w\" sizes=\"(max-width: 620px) 100vw, 620px\" \/><br \/>\nClaudia e Newton sempre mostrando que o amor \u00e9 algo que se vive na sua intensidade, parab\u00e9ns ao casal.<\/strong><\/em><\/p>\n","protected":false},"excerpt":{"rendered":"<p>Um grande abra\u00e7o a nossa amiga e Skarlet Castro sempre sorridente e de bem com a vida. Sayuri Otani e seus filhos Nicole e Idis curtindo as belezas de NY. Todo conhecimento oferecido aos nossos filhos \u00e9 a melhor heran\u00e7a sempre. Suzana Carvalho \u00e9 o s\u00edmbolo da alegria e da amizade, mulher de sorriso largo, abra\u00e7o amigo celebra mais um ano a alegria de viver, Parab\u00e9ns querida e muitos anos de vida! Isso \u00e9 uma coisa linda de viver, celebrar a amizade entre amigas, criar um tempo para desfrutar momentos juntas mesmo com esta vida corrida. A vov\u00f3 M\u00e1rcia Garcia [&hellip;]<\/p>\n","protected":false},"author":1,"featured_media":43363,"comment_status":"open","ping_status":"open","sticky":false,"template":"","format":"standard","meta":{"_links_to":"","_links_to_target":""},"categories":[3,1,6],"tags":[],"views":6639,"_links":{"self":[{"href":"https:\/\/www.brazilianpress.com\/v1\/wp-json\/wp\/v2\/posts\/43362"}],"collection":[{"href":"https:\/\/www.brazilianpress.com\/v1\/wp-json\/wp\/v2\/posts"}],"about":[{"href":"https:\/\/www.brazilianpress.com\/v1\/wp-json\/wp\/v2\/types\/post"}],"author":[{"embeddable":true,"href":"https:\/\/www.brazilianpress.com\/v1\/wp-json\/wp\/v2\/users\/1"}],"replies":[{"embeddable":true,"href":"https:\/\/www.brazilianpress.com\/v1\/wp-json\/wp\/v2\/comments?post=43362"}],"version-history":[{"count":1,"href":"https:\/\/www.brazilianpress.com\/v1\/wp-json\/wp\/v2\/posts\/43362\/revisions"}],"predecessor-version":[{"id":43364,"href":"https:\/\/www.brazilianpress.com\/v1\/wp-json\/wp\/v2\/posts\/43362\/revisions\/43364"}],"wp:featuredmedia":[{"embeddable":true,"href":"https:\/\/www.brazilianpress.com\/v1\/wp-json\/wp\/v2\/media\/43363"}],"wp:attachment":[{"href":"https:\/\/www.brazilianpress.com\/v1\/wp-json\/wp\/v2\/media?parent=43362"}],"wp:term":[{"taxonomy":"category","embeddable":true,"href":"https:\/\/www.brazilianpress.com\/v1\/wp-json\/wp\/v2\/categories?post=43362"},{"taxonomy":"post_tag","embeddable":true,"href":"https:\/\/www.brazilianpress.com\/v1\/wp-json\/wp\/v2\/tags?post=43362"}],"curies":[{"name":"wp","href":"https:\/\/api.w.org\/{rel}","templated":true}]}}