{"id":43584,"date":"2020-03-19T19:12:11","date_gmt":"2020-03-19T23:12:11","guid":{"rendered":"http:\/\/www.brazilianpress.com\/v1\/?p=43584"},"modified":"2020-03-19T19:12:11","modified_gmt":"2020-03-19T23:12:11","slug":"niveis-da-poluicao-do-ar-na-italia-diminuem-com-quarentena-por-coronavirus","status":"publish","type":"post","link":"https:\/\/www.brazilianpress.com\/v1\/2020\/03\/19\/niveis-da-poluicao-do-ar-na-italia-diminuem-com-quarentena-por-coronavirus\/","title":{"rendered":"N\u00edveis da polui\u00e7\u00e3o do ar na It\u00e1lia diminuem com quarentena por Coronav\u00edrus"},"content":{"rendered":"<p>A ESA, Ag\u00eancia Espacial Europeia, divulgou o \u00faltimo relat\u00f3rio sobre polui\u00e7\u00e3o na Europa feito pela sonda Sentinel-5, em parceria com o Instituto Cop\u00e9rnico. O resultado foi uma not\u00e1vel diferen\u00e7a nos n\u00edveis de polui\u00e7\u00e3o na regi\u00e3o da It\u00e1lia, que est\u00e1 em quarentena total devido ao coronav\u00edrus.<\/p>\n<p>Os n\u00edveis de polui\u00e7\u00e3o emitidos pelo pa\u00eds podem ser vistos atrav\u00e9s de imagens feitas pela ferramenta com o nome de Tropomi, instalada na sonda europeia. O mapa mostra uma queda nos n\u00edveis de gases nocivos na atmosfera terrestre. \u201cO decl\u00ednio no di\u00f3xido de nitrog\u00eanio e outros gases danosos \u00e0 vida nas regi\u00f5es industrial da It\u00e1lia \u00e9 completamente not\u00e1vel\u201d, aponta o diretor da miss\u00e3o Sentinela na ESA. O Sentilela-5 \u00e9 o primeiro sat\u00e9lite com fun\u00e7\u00e3o exclusiva para fazer medi\u00e7\u00f5es atmosf\u00e9ricas. Cotidianamente ele envia informa\u00e7\u00f5es sobre carbono, oz\u00f4nio, di\u00f3xido sulf\u00farico, metano entre outros.<\/p>\n<p>O n\u00edvel de medi\u00e7\u00e3o e monitoramento atmosf\u00e9rico (CAMS), dado do Sentinela observou um decl\u00ednio entre 20% e 30% em rela\u00e7\u00e3o ao m\u00eas de fevereiro dos \u00faltimos tr\u00eas anos na It\u00e1lia. O poluente que mais caiu foi o PM2.5, um dos mais danosos de acordo com a OMS, Organiza\u00e7\u00e3o Mundial da Sa\u00fade. Esta foi a maior queda causada por um evento \u00fanico desde que come\u00e7aram as medi\u00e7\u00f5es via sat\u00e9lite, De acordo com os dados da ESA. Resultados similares foram recolhidos na China no m\u00eas passado, per\u00edodo de quarentena mais severa no pa\u00eds. &#8220;Este \u00e9 o instrumento de medi\u00e7\u00e3o da polui\u00e7\u00e3o terrestre mais preciso que temos, e todos os dados recolhidos est\u00e3o dispon\u00edveis ao p\u00fablico. Essas miss\u00f5es v\u00e3o nos dar informa\u00e7\u00f5es precisas sobre polui\u00e7\u00e3o, radia\u00e7\u00e3o solar e o oz\u00f4nio estratosf\u00e9rico&#8221;, afirmou a ESA em declara\u00e7\u00e3o.<\/p>\n<p>Em um esfor\u00e7o coletivo, a It\u00e1lia declarou quarentena geral no \u00faltimo dia 10 por todo seu territ\u00f3rio como forma de conter o r\u00e1pido avan\u00e7o do coronav\u00edrus. O pa\u00eds se tornou o principal foco da doen\u00e7a, superando a China, onde ocorreram os primeiros casos. Proibi\u00e7\u00e3o de aglomera\u00e7\u00f5es p\u00fablicas e libera\u00e7\u00e3o para viagens apenas em casos de emerg\u00eancia e com libera\u00e7\u00e3o por escrito. Rotinas de trabalho e escola tamb\u00e9m foram quebradas e a ordem geral \u00e9 que todos fiquem em casa. \u201cTodos devemos desistir de algo pelo bem da It\u00e1lia. Temos que fazer isso agora, e s\u00f3 poderemos se colaborarmos e nos adaptarmos a essas medidas mais rigorosas. Foi por isso que decidi adotar medidas ainda mais fortes e severas para conter o avan\u00e7o e proteger a sa\u00fade de todos os cidad\u00e3os\u201d, afirmou o premi\u00e8re italiano Giuseppe Conte durante o an\u00fancio das medidas em rede nacional.<\/p>\n","protected":false},"excerpt":{"rendered":"<p>A ESA, Ag\u00eancia Espacial Europeia, divulgou o \u00faltimo relat\u00f3rio sobre polui\u00e7\u00e3o na Europa feito pela sonda Sentinel-5, em parceria com o Instituto Cop\u00e9rnico. O resultado foi uma not\u00e1vel diferen\u00e7a nos n\u00edveis de polui\u00e7\u00e3o na regi\u00e3o da It\u00e1lia, que est\u00e1 em quarentena total devido ao coronav\u00edrus. Os n\u00edveis de polui\u00e7\u00e3o emitidos pelo pa\u00eds podem ser vistos atrav\u00e9s de imagens feitas pela ferramenta com o nome de Tropomi, instalada na sonda europeia. O mapa mostra uma queda nos n\u00edveis de gases nocivos na atmosfera terrestre. \u201cO decl\u00ednio no di\u00f3xido de nitrog\u00eanio e outros gases danosos \u00e0 vida nas regi\u00f5es industrial da It\u00e1lia [&hellip;]<\/p>\n","protected":false},"author":1,"featured_media":43585,"comment_status":"open","ping_status":"open","sticky":false,"template":"","format":"standard","meta":{"_links_to":"","_links_to_target":""},"categories":[8,1],"tags":[],"views":3050,"_links":{"self":[{"href":"https:\/\/www.brazilianpress.com\/v1\/wp-json\/wp\/v2\/posts\/43584"}],"collection":[{"href":"https:\/\/www.brazilianpress.com\/v1\/wp-json\/wp\/v2\/posts"}],"about":[{"href":"https:\/\/www.brazilianpress.com\/v1\/wp-json\/wp\/v2\/types\/post"}],"author":[{"embeddable":true,"href":"https:\/\/www.brazilianpress.com\/v1\/wp-json\/wp\/v2\/users\/1"}],"replies":[{"embeddable":true,"href":"https:\/\/www.brazilianpress.com\/v1\/wp-json\/wp\/v2\/comments?post=43584"}],"version-history":[{"count":1,"href":"https:\/\/www.brazilianpress.com\/v1\/wp-json\/wp\/v2\/posts\/43584\/revisions"}],"predecessor-version":[{"id":43586,"href":"https:\/\/www.brazilianpress.com\/v1\/wp-json\/wp\/v2\/posts\/43584\/revisions\/43586"}],"wp:featuredmedia":[{"embeddable":true,"href":"https:\/\/www.brazilianpress.com\/v1\/wp-json\/wp\/v2\/media\/43585"}],"wp:attachment":[{"href":"https:\/\/www.brazilianpress.com\/v1\/wp-json\/wp\/v2\/media?parent=43584"}],"wp:term":[{"taxonomy":"category","embeddable":true,"href":"https:\/\/www.brazilianpress.com\/v1\/wp-json\/wp\/v2\/categories?post=43584"},{"taxonomy":"post_tag","embeddable":true,"href":"https:\/\/www.brazilianpress.com\/v1\/wp-json\/wp\/v2\/tags?post=43584"}],"curies":[{"name":"wp","href":"https:\/\/api.w.org\/{rel}","templated":true}]}}