{"id":43592,"date":"2020-03-19T19:26:54","date_gmt":"2020-03-19T23:26:54","guid":{"rendered":"http:\/\/www.brazilianpress.com\/v1\/?p=43592"},"modified":"2020-03-19T19:26:54","modified_gmt":"2020-03-19T23:26:54","slug":"minas-em-foco-by-manoel-oliveira","status":"publish","type":"post","link":"https:\/\/www.brazilianpress.com\/v1\/2020\/03\/19\/minas-em-foco-by-manoel-oliveira\/","title":{"rendered":"Minas em Foco, by Manoel Oliveira"},"content":{"rendered":"<p><img loading=\"lazy\" class=\"alignnone size-full wp-image-43594\" src=\"http:\/\/www.brazilianpress.com\/v1\/wp-content\/uploads\/2020\/03\/minas-em-foco-ed1984-20200319-3.jpg\" alt=\"\" width=\"540\" height=\"304\" srcset=\"https:\/\/www.brazilianpress.com\/v1\/wp-content\/uploads\/2020\/03\/minas-em-foco-ed1984-20200319-3.jpg 540w, https:\/\/www.brazilianpress.com\/v1\/wp-content\/uploads\/2020\/03\/minas-em-foco-ed1984-20200319-3-300x169.jpg 300w\" sizes=\"(max-width: 540px) 100vw, 540px\" \/><br \/>\nUma opera\u00e7\u00e3o realizada pela Pol\u00edcia Militar apreendeu armas e drogas nesta ter\u00e7a-feira (17) no morro do Carapina, em Governador Valadares. Segundo a Pol\u00edcia Militar (PM).Segundo uma den\u00fancia an\u00f4nima uma quadrilha utilizava um lote vago para guardar drogas e armas de fogo.De acordo com a PM, no local foram encontrados uma submetralhadora de fabrica\u00e7\u00e3o caseira com carregador, duas muni\u00e7\u00f5es de calibre 380, sendo uma picotada e a outra intacta, um r\u00e1dio comunicador, 28 pinos de coca\u00edna e 16 buchas de maconha. Todos estavam dentro de uma sacola pl\u00e1stica. A pol\u00edcia Militar informou, que foi poss\u00edvel identificar os suspeitos j\u00e1 que n\u00e3o estavam no local onde foram feitas as buscas. Os materiais foram apreendidos e encaminhados \u00e0 delegacia.<\/p>\n<p><strong><img loading=\"lazy\" class=\"alignnone size-full wp-image-43595\" src=\"http:\/\/www.brazilianpress.com\/v1\/wp-content\/uploads\/2020\/03\/minas-em-foco-ed1984-20200319-4.jpg\" alt=\"\" width=\"700\" height=\"350\" srcset=\"https:\/\/www.brazilianpress.com\/v1\/wp-content\/uploads\/2020\/03\/minas-em-foco-ed1984-20200319-4.jpg 700w, https:\/\/www.brazilianpress.com\/v1\/wp-content\/uploads\/2020\/03\/minas-em-foco-ed1984-20200319-4-300x150.jpg 300w\" sizes=\"(max-width: 700px) 100vw, 700px\" \/><br \/>\nAeroporto de Valadares adota medidas de preven\u00e7\u00e3o contra o coronav\u00edrus<\/strong><\/p>\n<p>O aeroporto Coronel Altino Machado de Governador Valadares vem adotando os protocolos de seguran\u00e7a e higiene da Ag\u00eancia Nacional de Avia\u00e7\u00e3o Civil (Anac) e da Ag\u00eancia Nacional de Vigil\u00e2ncia Sanit\u00e1ria (Anvisa), para garantir a seguran\u00e7a dos passageiros e funcion\u00e1rios. Conforme a Prefeitura de Governador Valadares, os protocolos incluem higieniza\u00e7\u00e3o das m\u00e3os, desinfec\u00e7\u00e3o e limpeza dos espa\u00e7os f\u00edsicos, utiliza\u00e7\u00e3o de \u00e1lcool gel, uso de m\u00e1scaras e luvas em determinados setores, avisos sonoros, al\u00e9m de outras a\u00e7\u00f5es. Com a evolu\u00e7\u00e3o dos casos de coronav\u00edrus, a Prefeitura afirma que essas medidas ser\u00e3o aprimoradas de acordo com a necessidade.<\/p>\n<p><strong><img loading=\"lazy\" class=\"alignnone size-full wp-image-43596\" src=\"http:\/\/www.brazilianpress.com\/v1\/wp-content\/uploads\/2020\/03\/minas-em-foco-ed1984-20200319-5.jpg\" alt=\"\" width=\"700\" height=\"367\" srcset=\"https:\/\/www.brazilianpress.com\/v1\/wp-content\/uploads\/2020\/03\/minas-em-foco-ed1984-20200319-5.jpg 700w, https:\/\/www.brazilianpress.com\/v1\/wp-content\/uploads\/2020\/03\/minas-em-foco-ed1984-20200319-5-300x157.jpg 300w\" sizes=\"(max-width: 700px) 100vw, 700px\" \/><br \/>\nUFOP abre inscri\u00e7\u00f5es para tr\u00eas cursos de gradua\u00e7\u00e3o a distancia em Ipatinga<\/strong><\/p>\n<p>A Universidade Federal de Ouro Preto (UFOP) abriu 100 vagas para cursos de gradua\u00e7\u00e3o a dist\u00e2ncia, em Ipatinga. As vagas ser\u00e3o para o segundo semestre de 2020 e ofertadas por meio do polo Universidade Aberta do Brasil (UAB). S\u00e3o 30 vagas para a licenciatura em Geografia, 40 para Matem\u00e1tica e 30 para Pedagogia. As inscri\u00e7\u00f5es v\u00e3o at\u00e9 o dia 13 de abril, devendo ser feitas por formul\u00e1rio online, no site da institui\u00e7\u00e3o, onde tamb\u00e9m consta o edital com as regras. A sele\u00e7\u00e3o \u00e9 feita exclusivamente pela nota do Exame Nacional do Ensino M\u00e9dio (ENEM). Os candidatos devem ter, no m\u00ednimo, 300 pontos na reda\u00e7\u00e3o e em cada uma das provas; e podem utilizar as notas do ENEM de 2013 a 2019. O edital prev\u00ea a participa\u00e7\u00e3o de candidatos que vivem em um raio de 100 km de dist\u00e2ncia dos polos. Em Ipatinga, as atividades presenciais acontecem no polo UAB, anexo a Escola Padre C\u00edcero de Castro, no bairro Bom Retiro. As aulas ter\u00e3o in\u00edcio assim que o Minist\u00e9rio da Educa\u00e7\u00e3o (MEC) liberar os recursos financeiros necess\u00e1rios.<\/p>\n<p><strong><img loading=\"lazy\" class=\"alignnone size-full wp-image-43593\" src=\"http:\/\/www.brazilianpress.com\/v1\/wp-content\/uploads\/2020\/03\/minas-em-foco-ed1984-20200319-1.jpg\" alt=\"\" width=\"700\" height=\"397\" srcset=\"https:\/\/www.brazilianpress.com\/v1\/wp-content\/uploads\/2020\/03\/minas-em-foco-ed1984-20200319-1.jpg 700w, https:\/\/www.brazilianpress.com\/v1\/wp-content\/uploads\/2020\/03\/minas-em-foco-ed1984-20200319-1-300x170.jpg 300w\" sizes=\"(max-width: 700px) 100vw, 700px\" \/><br \/>\nEfeitos do Covid-19 no turismo em Valadares e Regi\u00e3o<\/strong><\/p>\n<p>Segundo informa\u00e7\u00f5es da turismologa Graziele Fernandes, houve uma signicativa redu\u00e7\u00e3o de servi\u00e7os turisticos, tais como pacotes nacionais e internacionais e bilhetes aereos, principalmente com destino ao exterior.Devido ao fechamento de muitas fronteira, varias companias aereas cancelaram seus voos . A american cancelou temporariamente todos os seus voos entre Brasil e Estados Unidos com previs\u00e3o de retorno apartir de 07 de maio de 2020.O consulado americano cancelou suas atividades de entrevistas consulares desde o dia 17 de mar\u00e7o de 2020, sem data prevista para o retorno.A emiss\u00e3o de passoportes brasileiros tambem encerrou suas atividades em 18 de mar\u00e7o, sem previs\u00e3o de retorno.\u00c8 importante resaltar que os org\u00e3os mencionados estar\u00e3o realizando atendimentos emergenciais. A Universidade Federal de Ouro Preto (UFOP) abriu 100 vagas para cursos de gradua\u00e7\u00e3o a dist\u00e2ncia, em Ipatinga. As vagas s\u00e3o para o segundo semestre de 2020 e ser\u00e3o ofertadas por meio do polo Universidade Aberta do Brasil (UAB).S\u00e3o 30 vagas para a licenciatura em Geografia, 40 para Matem\u00e1tica e 30 para Pedagogia. As inscri\u00e7\u00f5es v\u00e3o at\u00e9 o dia 13 de abril, devendo ser feitas por formul\u00e1rio online, no site da institui\u00e7\u00e3o, onde tamb\u00e9m consta o edital com as regras.A sele\u00e7\u00e3o \u00e9 feita exclusivamente pela nota do Exame Nacional do Ensino M\u00e9dio (ENEM). Os candidatos devem ter, no m\u00ednimo, 300 pontos na reda\u00e7\u00e3o e em cada uma das provas; e podem utilizar as notas do ENEM de 2013 a 2019.O edital prev\u00ea a participa\u00e7\u00e3o de candidatos que vivem em um raio de 100 km de dist\u00e2ncia dos polos. Em Ipatinga, as atividades presenciais acontecem no polo UAB, anexo a Escola Padre C\u00edcero de Castro, no bairro Bom Retiro. As aulas ter\u00e3o in\u00edcio assim que o Minist\u00e9rio da Educa\u00e7\u00e3o (MEC) liberar os recursos financeiros necess\u00e1rios.<\/p>\n","protected":false},"excerpt":{"rendered":"<p>Uma opera\u00e7\u00e3o realizada pela Pol\u00edcia Militar apreendeu armas e drogas nesta ter\u00e7a-feira (17) no morro do Carapina, em Governador Valadares. Segundo a Pol\u00edcia Militar (PM).Segundo uma den\u00fancia an\u00f4nima uma quadrilha utilizava um lote vago para guardar drogas e armas de fogo.De acordo com a PM, no local foram encontrados uma submetralhadora de fabrica\u00e7\u00e3o caseira com carregador, duas muni\u00e7\u00f5es de calibre 380, sendo uma picotada e a outra intacta, um r\u00e1dio comunicador, 28 pinos de coca\u00edna e 16 buchas de maconha. Todos estavam dentro de uma sacola pl\u00e1stica. A pol\u00edcia Militar informou, que foi poss\u00edvel identificar os suspeitos j\u00e1 que n\u00e3o [&hellip;]<\/p>\n","protected":false},"author":1,"featured_media":43597,"comment_status":"open","ping_status":"open","sticky":false,"template":"","format":"standard","meta":{"_links_to":"","_links_to_target":""},"categories":[4,1],"tags":[],"views":2110,"_links":{"self":[{"href":"https:\/\/www.brazilianpress.com\/v1\/wp-json\/wp\/v2\/posts\/43592"}],"collection":[{"href":"https:\/\/www.brazilianpress.com\/v1\/wp-json\/wp\/v2\/posts"}],"about":[{"href":"https:\/\/www.brazilianpress.com\/v1\/wp-json\/wp\/v2\/types\/post"}],"author":[{"embeddable":true,"href":"https:\/\/www.brazilianpress.com\/v1\/wp-json\/wp\/v2\/users\/1"}],"replies":[{"embeddable":true,"href":"https:\/\/www.brazilianpress.com\/v1\/wp-json\/wp\/v2\/comments?post=43592"}],"version-history":[{"count":1,"href":"https:\/\/www.brazilianpress.com\/v1\/wp-json\/wp\/v2\/posts\/43592\/revisions"}],"predecessor-version":[{"id":43598,"href":"https:\/\/www.brazilianpress.com\/v1\/wp-json\/wp\/v2\/posts\/43592\/revisions\/43598"}],"wp:featuredmedia":[{"embeddable":true,"href":"https:\/\/www.brazilianpress.com\/v1\/wp-json\/wp\/v2\/media\/43597"}],"wp:attachment":[{"href":"https:\/\/www.brazilianpress.com\/v1\/wp-json\/wp\/v2\/media?parent=43592"}],"wp:term":[{"taxonomy":"category","embeddable":true,"href":"https:\/\/www.brazilianpress.com\/v1\/wp-json\/wp\/v2\/categories?post=43592"},{"taxonomy":"post_tag","embeddable":true,"href":"https:\/\/www.brazilianpress.com\/v1\/wp-json\/wp\/v2\/tags?post=43592"}],"curies":[{"name":"wp","href":"https:\/\/api.w.org\/{rel}","templated":true}]}}