{"id":43602,"date":"2020-03-21T11:14:41","date_gmt":"2020-03-21T15:14:41","guid":{"rendered":"http:\/\/www.brazilianpress.com\/v1\/?p=43602"},"modified":"2020-03-21T11:17:58","modified_gmt":"2020-03-21T15:17:58","slug":"covid-19-quatro-membros-da-familia-de-new-jersey-morrem-apos-contrair-coronavirus","status":"publish","type":"post","link":"https:\/\/www.brazilianpress.com\/v1\/2020\/03\/21\/covid-19-quatro-membros-da-familia-de-new-jersey-morrem-apos-contrair-coronavirus\/","title":{"rendered":"Covid-19: Quatro membros da fam\u00edlia de New Jersey morrem ap\u00f3s contrair Coronav\u00edrus"},"content":{"rendered":"<p>Quatro membros de uma \u00fanica fam\u00edlia no centro de Nova Jersey faleceram devido a complica\u00e7\u00f5es resultantes da contra\u00e7\u00e3o do coronav\u00edrus. As v\u00edtimas, Grace Fusco, 73 anos, e tr\u00eas de seus filhos \u2013 Rita Fusco-Jackson, Carmine Fusco e Vinscent Fusco \u2013 ca\u00edram. adoeceu logo ap\u00f3s retornar de uma grande reuni\u00e3o familiar em 3 de mar\u00e7o, na qual uma pessoa entrou em contato com a primeira fatalidade relacionada a coronav\u00edrus de Nova Jersey, John Brennan, apenas alguns dias antes. Tr\u00eas outros parentes, tamb\u00e9m filhos da sra. Fusco, ainda est\u00e3o no hospital, dois dos quais est\u00e3o em estado cr\u00edtico.<\/p>\n<p><script async src=\"https:\/\/pagead2.googlesyndication.com\/pagead\/js\/adsbygoogle.js\"><\/script><br \/>\n<!-- Responsivo-2018-mes05 --><br \/>\n<ins class=\"adsbygoogle\"\n     style=\"display:block\"\n     data-ad-client=\"ca-pub-1839831328401097\"\n     data-ad-slot=\"6272227758\"\n     data-ad-format=\"auto\"\n     data-full-width-responsive=\"true\"><\/ins><br \/>\n<script>\n     (adsbygoogle = window.adsbygoogle || []).push({});\n<\/script><\/p>\n<p>Cerca de 20 outras pessoas permanecem em auto-isolamento aguardando resultados de testes de diagn\u00f3stico para determinar se eles testaram positivamente o COVID-19. Fusco tinha 11 filhos no total. \u201cSe eles n\u00e3o respiram, ficam em quarentena\u201d, disse a advogada da fam\u00edlia Roseann Paradiso Fodera, segundo o New York Times. \u201c\u00c9 t\u00e3o lament\u00e1vel. Eles nem podem chorar como voc\u00ea faria. \u201dSra. A filha de Fusco, Rita, 55 anos, faleceu na sexta-feira passada no hospital. A fam\u00edlia soube postumamente que ela havia contra\u00eddo o v\u00edrus e morreu de complica\u00e7\u00f5es relacionadas ao COVID-19. Segundo a comiss\u00e1ria estadual de Sa\u00fade Judith M. Persichilli, seu filho mais velho, Carmine, morreu na quarta-feira alguns dias depois de sua irm\u00e3 Rita. A pr\u00f3pria Sra. Fusco passou a quarta-feira \u201cgravemente doente\u201d, respirando com um ventilador at\u00e9 que ela mesma faleceu mais tarde naquela noite. Seu outro filho, Vincent, morreu no dia seguinte depois de sua m\u00e3e e dois irm\u00e3os.<\/p>\n<p><img src=\"https:\/\/imagesvc.meredithcorp.io\/v3\/mm\/image?url=https%3A%2F%2Fpeopledotcom.files.wordpress.com%2F2020%2F03%2Fnew-jersey-1.jpg\" alt=\"Resultado de imagem para Rita Fusco-Jackson\" \/><\/p>\n<p>Segundo o New York Times, Fusco morreu sem saber que seus outros dois filhos haviam falecido antes de sua morte. Paradiso Fodera afirmou que o jantar de ter\u00e7a-feira era apenas uma reuni\u00e3o de rotina para os envolvidos. Ap\u00f3s o surto na fam\u00edlia, no entanto, Persichilli afiou as instru\u00e7\u00f5es para os cidad\u00e3os de Nova Jersey, solicitando que eles evitassem at\u00e9 pequenos encontros com amigos ou parentes durante esse per\u00edodo. \u201cN\u00e3o posso enfatizar o suficiente como \u00e9 importante assumir a responsabilidade pessoal e evitar at\u00e9 As autoridades m\u00e9dicas do CentraState Medical Center, onde a Sra. Fusco e quatro de seus filhos estavam sendo tratados pelo COVID-19, est\u00e3o discutindo com o Center for Disease Control and Preven\u00e7\u00e3o (CDC), bem como a Comiss\u00e3o de Sa\u00fade de Nova Jersey, em rela\u00e7\u00e3o ao efeito \u00fanico que o v\u00edrus teve sobre essa fam\u00edlia em particular, para determinar se h\u00e1 algo que eles possam averiguar sobre o v\u00edrus, aprofundando-se nas hist\u00f3rias m\u00e9dicas da fam\u00edlia. n\u00e3o sei se \u00e9 uma coisa cansativa \u201d, disse o Dr. James Matera, diretor m\u00e9dico da CentraState.<\/p>\n<p><img src=\"https:\/\/heavyeditorial.files.wordpress.com\/2020\/03\/fusco-e1584600607284.jpg?quality=65&amp;strip=all\" alt=\"Resultado de imagem para Rita Fusco-Jackson\" \/><\/p>\n<p>\u201cEu consideraria essas pessoas incomuns.\u201d Gabby Cartagena, parente da fam\u00edlia e neta da sra. Fusco, postou seu relato emocionante ao ver os membros de sua fam\u00edlia sucumbirem ao v\u00edrus um a um em sua p\u00e1gina no Facebook, de acordo com a NBC: \u201cMinha m\u00e3e \u00e9 uma das 11; quinta-feira passada fui dormir com 10 tias e tios! Na sexta-feira, acordei e descobri que tinha apenas 9. Apenas alguns minutos atr\u00e1s, descobri que s\u00f3 tinha 8 \u201d, escreveu Cartegena. \u201c\u201d Por favor, mantenha seus entes queridos pr\u00f3ximos e aprecie cada segundo e minuto que tiverem juntos. \u201c\u201d Agora, minha Nana tamb\u00e9m! \u201d ela acrescentou, ap\u00f3s a morte da sra. Fusco. \u201cEstou t\u00e3o feliz que te dei aquele beijo no domingo e te coloquei na cama; sentirei sua falta para sempre.\u201d<\/p>\n","protected":false},"excerpt":{"rendered":"<p>Quatro membros de uma \u00fanica fam\u00edlia no centro de Nova Jersey faleceram devido a complica\u00e7\u00f5es resultantes da contra\u00e7\u00e3o do coronav\u00edrus. As v\u00edtimas, Grace Fusco, 73 anos, e tr\u00eas de seus filhos \u2013 Rita Fusco-Jackson, Carmine Fusco e Vinscent Fusco \u2013 ca\u00edram. adoeceu logo ap\u00f3s retornar de uma grande reuni\u00e3o familiar em 3 de mar\u00e7o, na qual uma pessoa entrou em contato com a primeira fatalidade relacionada a coronav\u00edrus de Nova Jersey, John Brennan, apenas alguns dias antes. Tr\u00eas outros parentes, tamb\u00e9m filhos da sra. Fusco, ainda est\u00e3o no hospital, dois dos quais est\u00e3o em estado cr\u00edtico. Cerca de 20 outras [&hellip;]<\/p>\n","protected":false},"author":1,"featured_media":43603,"comment_status":"open","ping_status":"open","sticky":false,"template":"","format":"standard","meta":{"_links_to":"","_links_to_target":""},"categories":[4,3,1],"tags":[],"views":1559,"_links":{"self":[{"href":"https:\/\/www.brazilianpress.com\/v1\/wp-json\/wp\/v2\/posts\/43602"}],"collection":[{"href":"https:\/\/www.brazilianpress.com\/v1\/wp-json\/wp\/v2\/posts"}],"about":[{"href":"https:\/\/www.brazilianpress.com\/v1\/wp-json\/wp\/v2\/types\/post"}],"author":[{"embeddable":true,"href":"https:\/\/www.brazilianpress.com\/v1\/wp-json\/wp\/v2\/users\/1"}],"replies":[{"embeddable":true,"href":"https:\/\/www.brazilianpress.com\/v1\/wp-json\/wp\/v2\/comments?post=43602"}],"version-history":[{"count":4,"href":"https:\/\/www.brazilianpress.com\/v1\/wp-json\/wp\/v2\/posts\/43602\/revisions"}],"predecessor-version":[{"id":43607,"href":"https:\/\/www.brazilianpress.com\/v1\/wp-json\/wp\/v2\/posts\/43602\/revisions\/43607"}],"wp:featuredmedia":[{"embeddable":true,"href":"https:\/\/www.brazilianpress.com\/v1\/wp-json\/wp\/v2\/media\/43603"}],"wp:attachment":[{"href":"https:\/\/www.brazilianpress.com\/v1\/wp-json\/wp\/v2\/media?parent=43602"}],"wp:term":[{"taxonomy":"category","embeddable":true,"href":"https:\/\/www.brazilianpress.com\/v1\/wp-json\/wp\/v2\/categories?post=43602"},{"taxonomy":"post_tag","embeddable":true,"href":"https:\/\/www.brazilianpress.com\/v1\/wp-json\/wp\/v2\/tags?post=43602"}],"curies":[{"name":"wp","href":"https:\/\/api.w.org\/{rel}","templated":true}]}}