{"id":43608,"date":"2020-03-23T13:03:30","date_gmt":"2020-03-23T17:03:30","guid":{"rendered":"http:\/\/www.brazilianpress.com\/v1\/?p=43608"},"modified":"2020-03-23T13:04:28","modified_gmt":"2020-03-23T17:04:28","slug":"coronavirus-pacote-anti-quebradeira-do-fed-injetara-us-2-trilhoes-na-economia-dos-eua","status":"publish","type":"post","link":"https:\/\/www.brazilianpress.com\/v1\/2020\/03\/23\/coronavirus-pacote-anti-quebradeira-do-fed-injetara-us-2-trilhoes-na-economia-dos-eua\/","title":{"rendered":"Coronav\u00edrus: Pacote &#8220;anti-quebradeira&#8221; do FED injetar\u00e1 US$ 2 trilh\u00f5es na economia dos EUA"},"content":{"rendered":"<p><strong>Steven Mnuchin voltou a pedir nesta segunda-feira que o Senado aprove rapidamente o pacote econ\u00f4mico proposto pela Casa Branca para amenizar os impactos da pandemia.<\/strong><\/p>\n<p>O secret\u00e1rio de Tesouro dos Estados Unidos, Steven Mnuchin, voltou a pedir nesta segunda-feira que o Senado aprove rapidamente o pacote econ\u00f4mico &#8220;anti-quebradeira&#8221; proposto pela Casa Branca para amenizar os impactos da pandemia do novo coronav\u00edrus. O valor total do plano \u00e9 de mais de US$ 2 trilh\u00f5es. Os apelos de Mnuchin ocorrem depois de os democratas obstru\u00edrem a aprova\u00e7\u00e3o do pacote no domingo. Para a oposi\u00e7\u00e3o, as propostas da Casa Branca eram muito generosas com as grandes empresas e n\u00e3o eram suficientes para ajudar os trabalhadores desempregados ou que perderam renda.<\/p>\n<p><script async src=\"https:\/\/pagead2.googlesyndication.com\/pagead\/js\/adsbygoogle.js\"><\/script><br \/>\n<!-- Responsivo 02 --><br \/>\n<ins class=\"adsbygoogle\"\n     style=\"display:block\"\n     data-ad-client=\"ca-pub-1839831328401097\"\n     data-ad-slot=\"8161011266\"\n     data-ad-format=\"auto\"\n     data-full-width-responsive=\"true\"><\/ins><br \/>\n<script>\n     (adsbygoogle = window.adsbygoogle || []).push({});\n<\/script><\/p>\n<p>Em entrevista \u00e0 emissora \u201cFox Business\u201d, Mnuchin afirmou que o pacote prepara os EUA para as pr\u00f3ximas 12 semanas de crise. Segundo ele, o presidente Donald Trump decidiu n\u00e3o fechar todos os setores da economia, apesar das medidas restritivas adotadas por v\u00e1rios estados. O governo quer, por exemplo, manter as companhias a\u00e9reas operando voos dom\u00e9sticos. O secret\u00e1rio anunciou que se encontrar\u00e1 com as lideran\u00e7as do Senado dos EUA para destravar as negocia\u00e7\u00f5es. Apesar de o pacote n\u00e3o ter sido aprovado ontem, o l\u00edder dos democratas, Chuck Schumer, disse que as diferen\u00e7as podiam ser superadas em uma nova rodada de di\u00e1logo hoje. Para amenizar as cr\u00edticas de que o pacote visa ajudar grandes empresas, Mnuchin refor\u00e7ou as propostas da Casa Branca para ajudar pequenas companhias a manter seus trabalhadores. \u201cEsse \u00e9 um programa de liquidez maci\u00e7o\u201d, afirmou o secret\u00e1rio do Tesouro.<\/p>\n","protected":false},"excerpt":{"rendered":"<p>Steven Mnuchin voltou a pedir nesta segunda-feira que o Senado aprove rapidamente o pacote econ\u00f4mico proposto pela Casa Branca para amenizar os impactos da pandemia. O secret\u00e1rio de Tesouro dos Estados Unidos, Steven Mnuchin, voltou a pedir nesta segunda-feira que o Senado aprove rapidamente o pacote econ\u00f4mico &#8220;anti-quebradeira&#8221; proposto pela Casa Branca para amenizar os impactos da pandemia do novo coronav\u00edrus. O valor total do plano \u00e9 de mais de US$ 2 trilh\u00f5es. Os apelos de Mnuchin ocorrem depois de os democratas obstru\u00edrem a aprova\u00e7\u00e3o do pacote no domingo. Para a oposi\u00e7\u00e3o, as propostas da Casa Branca eram muito generosas [&hellip;]<\/p>\n","protected":false},"author":1,"featured_media":43609,"comment_status":"open","ping_status":"open","sticky":false,"template":"","format":"standard","meta":{"_links_to":"","_links_to_target":""},"categories":[4,3,1],"tags":[],"views":1109,"_links":{"self":[{"href":"https:\/\/www.brazilianpress.com\/v1\/wp-json\/wp\/v2\/posts\/43608"}],"collection":[{"href":"https:\/\/www.brazilianpress.com\/v1\/wp-json\/wp\/v2\/posts"}],"about":[{"href":"https:\/\/www.brazilianpress.com\/v1\/wp-json\/wp\/v2\/types\/post"}],"author":[{"embeddable":true,"href":"https:\/\/www.brazilianpress.com\/v1\/wp-json\/wp\/v2\/users\/1"}],"replies":[{"embeddable":true,"href":"https:\/\/www.brazilianpress.com\/v1\/wp-json\/wp\/v2\/comments?post=43608"}],"version-history":[{"count":1,"href":"https:\/\/www.brazilianpress.com\/v1\/wp-json\/wp\/v2\/posts\/43608\/revisions"}],"predecessor-version":[{"id":43610,"href":"https:\/\/www.brazilianpress.com\/v1\/wp-json\/wp\/v2\/posts\/43608\/revisions\/43610"}],"wp:featuredmedia":[{"embeddable":true,"href":"https:\/\/www.brazilianpress.com\/v1\/wp-json\/wp\/v2\/media\/43609"}],"wp:attachment":[{"href":"https:\/\/www.brazilianpress.com\/v1\/wp-json\/wp\/v2\/media?parent=43608"}],"wp:term":[{"taxonomy":"category","embeddable":true,"href":"https:\/\/www.brazilianpress.com\/v1\/wp-json\/wp\/v2\/categories?post=43608"},{"taxonomy":"post_tag","embeddable":true,"href":"https:\/\/www.brazilianpress.com\/v1\/wp-json\/wp\/v2\/tags?post=43608"}],"curies":[{"name":"wp","href":"https:\/\/api.w.org\/{rel}","templated":true}]}}