{"id":43611,"date":"2020-03-24T11:52:43","date_gmt":"2020-03-24T15:52:43","guid":{"rendered":"http:\/\/www.brazilianpress.com\/v1\/?p=43611"},"modified":"2020-03-24T11:52:43","modified_gmt":"2020-03-24T15:52:43","slug":"coronavirus-em-duro-alerta-oms-diz-que-eua-pode-se-tornar-epicentro-da-pandemia","status":"publish","type":"post","link":"https:\/\/www.brazilianpress.com\/v1\/2020\/03\/24\/coronavirus-em-duro-alerta-oms-diz-que-eua-pode-se-tornar-epicentro-da-pandemia\/","title":{"rendered":"Coronav\u00edrus: Em duro alerta, OMS diz que EUA pode se tornar epicentro da pandemia"},"content":{"rendered":"<p><strong> Os Estados Unidos, onde o n\u00famero de pessoas infectadas pelo novo coronav\u00edrus aumenta exponencialmente, poder\u00e3o ultrapassar em breve a Europa e se tornar o epicentro da pandemia, alertou a Organiza\u00e7\u00e3o Mundial da Sa\u00fade (OMS) nesta ter\u00e7a-feira.<\/strong><\/p>\n<p>A pandemia de COVID-19 eclodiu em dezembro na China antes de se espalhar para a Europa, agora o continente mais afetado, mas a dissemina\u00e7\u00e3o da doen\u00e7a nos Estados Unidos poder\u00e1 tornar o pa\u00eds o novo epicentro, disse Margaret Harris, porta-voz da OMS. &#8220;Estamos vendo uma acelera\u00e7\u00e3o muito forte no n\u00famero de casos nos Estados Unidos. N\u00e3o podemos dizer que o pa\u00eds j\u00e1 se tornou o novo epicentro, mas existe a possibilidade&#8221;, insistiu. <\/p>\n<p><script async src=\"https:\/\/pagead2.googlesyndication.com\/pagead\/js\/adsbygoogle.js\"><\/script><br \/>\n<!-- Responsivo 03 --><br \/>\n<ins class=\"adsbygoogle\"\n     style=\"display:block\"\n     data-ad-client=\"ca-pub-1839831328401097\"\n     data-ad-slot=\"5426599345\"\n     data-ad-format=\"auto\"\n     data-full-width-responsive=\"true\"><\/ins><br \/>\n<script>\n     (adsbygoogle = window.adsbygoogle || []).push({});\n<\/script><\/p>\n<p>De acordo com o \u00faltimo relat\u00f3rio di\u00e1rio da OMS publicado na segunda-feira \u00e0 noite, os Estados Unidos viram os n\u00fameros de pessoas contaminadas e de mortes dobrarem em 24 horas (31.573 casos de infec\u00e7\u00e3o e 402 mortes). No mesmo intervalo, a Europa registrou 20.131 novos casos e 1.318 mortes, num total de 171.424 casos e 8.743 mortes. A acelera\u00e7\u00e3o da doen\u00e7a nos Estados Unidos pode ser explicada por uma melhor triagem e tamb\u00e9m reflete a alta taxa de transmiss\u00e3o antes da implementa\u00e7\u00e3o de medidas de conten\u00e7\u00e3o mais rigorosas. &#8220;O cont\u00e1gio por cada indiv\u00edduo de duas ou tr\u00eas pessoas leva de tr\u00eas a cinco dias&#8221;, explicou Margaret Harris. &#8220;Nos Estados Unidos, h\u00e1 uma semana, havia muitas transmiss\u00f5es&#8221;, ressaltou. Embora seja esperado um aumento consider\u00e1vel no n\u00famero de casos em todo o mundo nos pr\u00f3ximos dias, a OMS diz que v\u00ea &#8220;sinais positivos muito precoces em certos pa\u00edses europeus que conseguiram convencer suas popula\u00e7\u00f5es a respeitar a dist\u00e2ncia f\u00edsica&#8221;, afirmou a porta-voz da organiza\u00e7\u00e3o. Na It\u00e1lia, por exemplo, o pa\u00eds mais afetado depois da China, com 63.927 casos, segundo a AFP, as autoridades de sa\u00fade est\u00e3o registrando um decl\u00ednio no n\u00famero de novos casos e no n\u00famero de mortes. <\/p>\n","protected":false},"excerpt":{"rendered":"<p>Os Estados Unidos, onde o n\u00famero de pessoas infectadas pelo novo coronav\u00edrus aumenta exponencialmente, poder\u00e3o ultrapassar em breve a Europa e se tornar o epicentro da pandemia, alertou a Organiza\u00e7\u00e3o Mundial da Sa\u00fade (OMS) nesta ter\u00e7a-feira. A pandemia de COVID-19 eclodiu em dezembro na China antes de se espalhar para a Europa, agora o continente mais afetado, mas a dissemina\u00e7\u00e3o da doen\u00e7a nos Estados Unidos poder\u00e1 tornar o pa\u00eds o novo epicentro, disse Margaret Harris, porta-voz da OMS. &#8220;Estamos vendo uma acelera\u00e7\u00e3o muito forte no n\u00famero de casos nos Estados Unidos. N\u00e3o podemos dizer que o pa\u00eds j\u00e1 se tornou [&hellip;]<\/p>\n","protected":false},"author":1,"featured_media":43612,"comment_status":"open","ping_status":"open","sticky":false,"template":"","format":"standard","meta":{"_links_to":"","_links_to_target":""},"categories":[4,3,1],"tags":[],"views":1301,"_links":{"self":[{"href":"https:\/\/www.brazilianpress.com\/v1\/wp-json\/wp\/v2\/posts\/43611"}],"collection":[{"href":"https:\/\/www.brazilianpress.com\/v1\/wp-json\/wp\/v2\/posts"}],"about":[{"href":"https:\/\/www.brazilianpress.com\/v1\/wp-json\/wp\/v2\/types\/post"}],"author":[{"embeddable":true,"href":"https:\/\/www.brazilianpress.com\/v1\/wp-json\/wp\/v2\/users\/1"}],"replies":[{"embeddable":true,"href":"https:\/\/www.brazilianpress.com\/v1\/wp-json\/wp\/v2\/comments?post=43611"}],"version-history":[{"count":1,"href":"https:\/\/www.brazilianpress.com\/v1\/wp-json\/wp\/v2\/posts\/43611\/revisions"}],"predecessor-version":[{"id":43613,"href":"https:\/\/www.brazilianpress.com\/v1\/wp-json\/wp\/v2\/posts\/43611\/revisions\/43613"}],"wp:featuredmedia":[{"embeddable":true,"href":"https:\/\/www.brazilianpress.com\/v1\/wp-json\/wp\/v2\/media\/43612"}],"wp:attachment":[{"href":"https:\/\/www.brazilianpress.com\/v1\/wp-json\/wp\/v2\/media?parent=43611"}],"wp:term":[{"taxonomy":"category","embeddable":true,"href":"https:\/\/www.brazilianpress.com\/v1\/wp-json\/wp\/v2\/categories?post=43611"},{"taxonomy":"post_tag","embeddable":true,"href":"https:\/\/www.brazilianpress.com\/v1\/wp-json\/wp\/v2\/tags?post=43611"}],"curies":[{"name":"wp","href":"https:\/\/api.w.org\/{rel}","templated":true}]}}