{"id":43615,"date":"2020-03-25T15:23:05","date_gmt":"2020-03-25T19:23:05","guid":{"rendered":"http:\/\/www.brazilianpress.com\/v1\/?p=43615"},"modified":"2020-03-25T15:23:05","modified_gmt":"2020-03-25T19:23:05","slug":"medico-preve-pico-de-mortes-por-coronavirus-nos-eua-em-ate-tres-semanas","status":"publish","type":"post","link":"https:\/\/www.brazilianpress.com\/v1\/2020\/03\/25\/medico-preve-pico-de-mortes-por-coronavirus-nos-eua-em-ate-tres-semanas\/","title":{"rendered":"M\u00e9dico prev\u00ea pico de mortes por coronav\u00edrus nos EUA em at\u00e9 tr\u00eas semanas"},"content":{"rendered":"<p><strong>O pico de mortes causadas pelo novo coronav\u00edrus nos Estados Unidos deve acontecer daqui duas ou tr\u00eas semanas. A avalia\u00e7\u00e3o foi feita por Ira Longini, m\u00e9dico epidemiologista ligado ao Centro de Controle e Preven\u00e7\u00e3o de Doen\u00e7as do pa\u00eds, em entrevista \u00e0 CNN.<\/strong><\/p>\n<p> A pr\u00f3pria CNN lembra que o c\u00e1lculo \u00e9 feito com base em estat\u00edsticas nos EUA e no exterior at\u00e9 aqui. No entanto, afirma que dois outros especialistas em doen\u00e7as &#8220;concordaram amplamente&#8221; com a estimativa: William Schaffner, especialista em doen\u00e7as infecciosas da Universidade Vanderbilt, e Arnold Monto, professor de epidemiologia da Escola de Sa\u00fade P\u00fablica da Universidade de Michigan. &#8220;Acho que os Estados Unidos atingir\u00e3o um pico de mortes nas pr\u00f3ximas duas ou tr\u00eas semanas, j\u00e1 que o tempo de duplica\u00e7\u00e3o parece ser de dois a tr\u00eas dias&#8221;, disse o epidemiologista Ira Longini. Segundo o m\u00e9dico, as medidas de prote\u00e7\u00e3o devem seguir em vigor tamb\u00e9m ap\u00f3s o in\u00edcio da queda de casos, de forma a manter o controle da pandemia. &#8220;Vamos ver o que acontece nas pr\u00f3ximas duas a tr\u00eas semanas. Tamb\u00e9m podemos ficar de olho na China quando eles come\u00e7arem a relaxar as restri\u00e7\u00f5es l\u00e1&#8221;, explicou.<\/p>\n<p>A proje\u00e7\u00e3o de Stefan Flasche, pesquisador da Escola de Higiene e Medicina Tropical de Londres, \u00e9 mais cautelosa. Para ele, \u00e9 cedo para conseguir uma estimativa precisa. &#8220;Uma possibilidade \u00e9 que podemos realmente reverter a dissemina\u00e7\u00e3o, como \u00e9 feito na China e na Coreia do Sul, e chegar a um ponto de suspender as medidas de distanciamento&#8221;, disse Flasche. &#8220;Mas podemos ter que repetir esse ciclo algumas vezes por causa de um inevit\u00e1vel ressurgimento de casos na aus\u00eancia de imunidade da popula\u00e7\u00e3o. Nesse cen\u00e1rio, ver\u00edamos v\u00e1rios picos nos pr\u00f3ximos 12 meses&#8221;, estimou.<\/p>\n","protected":false},"excerpt":{"rendered":"<p>O pico de mortes causadas pelo novo coronav\u00edrus nos Estados Unidos deve acontecer daqui duas ou tr\u00eas semanas. A avalia\u00e7\u00e3o foi feita por Ira Longini, m\u00e9dico epidemiologista ligado ao Centro de Controle e Preven\u00e7\u00e3o de Doen\u00e7as do pa\u00eds, em entrevista \u00e0 CNN. A pr\u00f3pria CNN lembra que o c\u00e1lculo \u00e9 feito com base em estat\u00edsticas nos EUA e no exterior at\u00e9 aqui. No entanto, afirma que dois outros especialistas em doen\u00e7as &#8220;concordaram amplamente&#8221; com a estimativa: William Schaffner, especialista em doen\u00e7as infecciosas da Universidade Vanderbilt, e Arnold Monto, professor de epidemiologia da Escola de Sa\u00fade P\u00fablica da Universidade de Michigan. [&hellip;]<\/p>\n","protected":false},"author":1,"featured_media":43616,"comment_status":"open","ping_status":"open","sticky":false,"template":"","format":"standard","meta":{"_links_to":"","_links_to_target":""},"categories":[4,3,1],"tags":[],"views":1568,"_links":{"self":[{"href":"https:\/\/www.brazilianpress.com\/v1\/wp-json\/wp\/v2\/posts\/43615"}],"collection":[{"href":"https:\/\/www.brazilianpress.com\/v1\/wp-json\/wp\/v2\/posts"}],"about":[{"href":"https:\/\/www.brazilianpress.com\/v1\/wp-json\/wp\/v2\/types\/post"}],"author":[{"embeddable":true,"href":"https:\/\/www.brazilianpress.com\/v1\/wp-json\/wp\/v2\/users\/1"}],"replies":[{"embeddable":true,"href":"https:\/\/www.brazilianpress.com\/v1\/wp-json\/wp\/v2\/comments?post=43615"}],"version-history":[{"count":1,"href":"https:\/\/www.brazilianpress.com\/v1\/wp-json\/wp\/v2\/posts\/43615\/revisions"}],"predecessor-version":[{"id":43617,"href":"https:\/\/www.brazilianpress.com\/v1\/wp-json\/wp\/v2\/posts\/43615\/revisions\/43617"}],"wp:featuredmedia":[{"embeddable":true,"href":"https:\/\/www.brazilianpress.com\/v1\/wp-json\/wp\/v2\/media\/43616"}],"wp:attachment":[{"href":"https:\/\/www.brazilianpress.com\/v1\/wp-json\/wp\/v2\/media?parent=43615"}],"wp:term":[{"taxonomy":"category","embeddable":true,"href":"https:\/\/www.brazilianpress.com\/v1\/wp-json\/wp\/v2\/categories?post=43615"},{"taxonomy":"post_tag","embeddable":true,"href":"https:\/\/www.brazilianpress.com\/v1\/wp-json\/wp\/v2\/tags?post=43615"}],"curies":[{"name":"wp","href":"https:\/\/api.w.org\/{rel}","templated":true}]}}